{"id":9970,"date":"2021-10-18T13:32:42","date_gmt":"2021-10-18T11:32:42","guid":{"rendered":"http:\/\/heimatverein.he-webpack.de\/?p=9970"},"modified":"2021-11-30T12:50:02","modified_gmt":"2021-11-30T11:50:02","slug":"mitgliederversammlung-2021","status":"publish","type":"post","link":"http:\/\/heimatverein.he-webpack.de\/?p=9970","title":{"rendered":"Mitgliederversammlung"},"content":{"rendered":"<p><a href=\"http:\/\/heimatverein.he-webpack.de\/wp-content\/uploads\/2021\/10\/JHV-2021-Ehrung-UB1200.jpg\" rel=\"lightbox[9970]\"><img loading=\"lazy\" decoding=\"async\" src=\"http:\/\/heimatverein.he-webpack.de\/wp-content\/uploads\/2021\/10\/JHV-2021-Ehrung-UB1200-200x150.jpg\" alt=\"\" width=\"200\" height=\"150\" class=\"alignright size-thumbnail wp-image-9971\" srcset=\"http:\/\/heimatverein.he-webpack.de\/wp-content\/uploads\/2021\/10\/JHV-2021-Ehrung-UB1200-200x150.jpg 200w, http:\/\/heimatverein.he-webpack.de\/wp-content\/uploads\/2021\/10\/JHV-2021-Ehrung-UB1200-300x225.jpg 300w, http:\/\/heimatverein.he-webpack.de\/wp-content\/uploads\/2021\/10\/JHV-2021-Ehrung-UB1200-768x577.jpg 768w, http:\/\/heimatverein.he-webpack.de\/wp-content\/uploads\/2021\/10\/JHV-2021-Ehrung-UB1200-1024x769.jpg 1024w, http:\/\/heimatverein.he-webpack.de\/wp-content\/uploads\/2021\/10\/JHV-2021-Ehrung-UB1200-150x113.jpg 150w, http:\/\/heimatverein.he-webpack.de\/wp-content\/uploads\/2021\/10\/JHV-2021-Ehrung-UB1200-400x300.jpg 400w, http:\/\/heimatverein.he-webpack.de\/wp-content\/uploads\/2021\/10\/JHV-2021-Ehrung-UB1200.jpg 1200w\" sizes=\"auto, (max-width: 200px) 100vw, 200px\" \/><\/a>18.10.2021 UB &#8211; Am gestrigen Sonntag fand im Heimathaus B\u00f6rger eine Mitgliederversammlung des Heimatvereins B\u00f6rger statt. Auf dieser Mitgliederversammlung wurde die Jahresrechnung f\u00fcr 2019 und 2020 ver\u00f6ffentlicht, und es wurden die notwendigen Wahlen durchgef\u00fchrt. Hermann Schmitz begr\u00fc\u00dfte die Mitglieder und lud zu einer Kaffeetafel ein. Anschlie\u00dfend wurde das Programm f\u00fcr die Jahre 2019 und 2020 abgearbeitet. 2019 hatte man noch einen vollen Terminkalender mit 54 Veranstaltungen im Heimathaus, war im Bericht zu h\u00f6ren. Ab M\u00e4rz 2020 brach Corona bedingt die Aktivit\u00e4t ein. Nur wenige Veranstaltung sind danach unter Corona-Bedingungen durchf\u00fchrbar gewesen. Der Heimathof war lange von der Gemeinde gesperrt.<\/p>\n<p>Im M\u00e4rz 2020 war der Schriftf\u00fchrer zu w\u00e4hlen. Dieses wurde nun nachgeholt. Der Amtsinhaber wurde einstimmig ohne Gegenkandidaten im Amt best\u00e4tigt und wiedergew\u00e4hlt. Hermann Ubbenjans nahm die Wahl an. Er erhielt vom Vorsitzenden eine Dankes-Urkunde, da er dieses Amt 25 Jahre inne habe und auch als AK-Leiter Geschichte sowie bei der Familienforschung t\u00e4tig ist. Ehefrau Luise erhielt einen dicken Blumenstrau\u00df. Sie hilft bei Arbeiten im Verein und hat das Wirken des Ehemannes als Schriftf\u00fchrer \u00fcber die Jahre mitgetragen. (Foto: Heinz Oldiges)<\/p>\n<p>Im M\u00e4rz 2021 waren der 1. Vorsitzende, der 2. Vorsitzende, der Kassenf\u00fchrer sowie Beisitzer und Kassenpr\u00fcfer zu w\u00e4hlen. Diese Wahl leitete das Ehrenmitglied und ehemaliger Vorsitzende des Heimatverein B\u00f6rger Hans-Theo Jansen. Als erstes stand die Wahl des Vorsitzenden an. Er befragte die Versammlung ob es Vorschl\u00e4ge f\u00fcr dieses Amt g\u00e4be, da Hermann Schmitz im Vorfeld der Versammlung angek\u00fcndigt hatte nicht wieder zur Wahl zur Verf\u00fcgung zu stehen. Einige auf dieser Veranstaltung genannte Personen waren nicht bereit sich zur Wahl zu stellen. Auch das Suchen im Vorfeld der Veranstaltung blieb ergebnislos. Damit ist das<strong> Amt des 1. Vorsitzenden vakant<\/strong>. Bei der Wahl des 2. Vorsitzenden wurde eine Wiederwahl gefordert. Weitere Kandidaten gab es nicht. Hermann Eilers wurde einstimmig f\u00fcr 2 Jahre wiedergew\u00e4hlt. <a href=\"http:\/\/heimatverein.he-webpack.de\/wp-content\/uploads\/2021\/10\/JHV-2021-Theresia-1200.jpg\" rel=\"lightbox[9970]\"><img loading=\"lazy\" decoding=\"async\" src=\"http:\/\/heimatverein.he-webpack.de\/wp-content\/uploads\/2021\/10\/JHV-2021-Theresia-1200-200x150.jpg\" alt=\"\" width=\"200\" height=\"150\" class=\"alignleft size-thumbnail wp-image-9975\" \/><\/a>Auch der Kassenf\u00fchrer Heinz Oldiges wurde einstimmig ohne weitere Kandidaten wieder gew\u00e4hlt. Beide nahmen die Wahl an. Theresia Oldiges, als bisherige Stellvertretende Kassenf\u00fchrerin, stand nicht wieder zur Wahl. Sie wurde mit einem Dank vom Vorsitzenden verabschiedet. (Foto: UB) Stefan Sievers \u00fcbernimmt nach einer einstimmigen Wahl dieses Amt neben seinen Aufgaben auf dem Heimathof, und geh\u00f6rt nach seiner einstimmigen Wahl dem erweiterten Vorstand an. Auch Hermann T\u00f6bben als Beisitzer im Vorstand wurden wiedergew\u00e4hlt. Er k\u00fcmmert sich um die Zehntscheune. Zu Kassenpr\u00fcfern wurden Rudi Schmitz (Wiederwahl) und Monika Langen (neu im Amt) gew\u00e4hlt. (Mit einem Dank vom Wahlleiter wurde Ulrich Geers als scheidender Kassenpr\u00fcfer verabschiedet). Kassenf\u00fchrer Heinz Oldiges trug die Kassenrechnungen vor und konnte nach &#8222;flauen&#8220; schwierigen Jahren beim Bau der Zehntscheune, von einem gesunden Kassenbestand berichten. Die Corona-Zeit habe die Kassen wieder gesundet, da man Inaktiv war. Diese liquiden Mittel sollen in den Weiterbau der Inneneinrichtung und des musealen Teils des &#8222;Mehrzweckgeb\u00e4udes Zehntscheune&#8220; gehen. Dem Kassenf\u00fchrer sowie dem gesamten Vorstand wurde auf Antrag Entlastung f\u00fcr die beiden Jahre erteilt. F\u00fcr die anwesenden Mitglieder waren auch noch ein (oder auch zwei) Kaltgetr\u00e4nke drin. Kassenf\u00fchrer Heinz Oldiges gab noch einen aus. Es folgte ein gem\u00fctliche Beisammensein, mit einer Pr\u00e4sentation von geschenkten alten Bildern aus den 1940ern, aus dem Nachlass von Dipl. Ing. Walter Heim, Emden.<\/p>\n","protected":false},"excerpt":{"rendered":"<p>18.10.2021 UB &#8211; Am gestrigen Sonntag fand im Heimathaus B\u00f6rger eine Mitgliederversammlung des Heimatvereins B\u00f6rger statt. Auf dieser Mitgliederversammlung wurde die Jahresrechnung f\u00fcr 2019 und 2020 ver\u00f6ffentlicht, und es wurden die notwendigen Wahlen durchgef\u00fchrt. Hermann Schmitz begr\u00fc\u00dfte die Mitglieder und lud zu einer Kaffeetafel ein. Anschlie\u00dfend wurde das Programm f\u00fcr die Jahre 2019 und 2020 [&#8230;]<\/p>\n","protected":false},"author":2,"featured_media":0,"comment_status":"closed","ping_status":"open","sticky":false,"template":"","format":"standard","meta":{"ngg_post_thumbnail":0,"footnotes":""},"categories":[3],"tags":[],"class_list":["post-9970","post","type-post","status-publish","format-standard","hentry","category-neuigkeiten","odd"],"_links":{"self":[{"href":"http:\/\/heimatverein.he-webpack.de\/index.php?rest_route=\/wp\/v2\/posts\/9970","targetHints":{"allow":["GET"]}}],"collection":[{"href":"http:\/\/heimatverein.he-webpack.de\/index.php?rest_route=\/wp\/v2\/posts"}],"about":[{"href":"http:\/\/heimatverein.he-webpack.de\/index.php?rest_route=\/wp\/v2\/types\/post"}],"author":[{"embeddable":true,"href":"http:\/\/heimatverein.he-webpack.de\/index.php?rest_route=\/wp\/v2\/users\/2"}],"replies":[{"embeddable":true,"href":"http:\/\/heimatverein.he-webpack.de\/index.php?rest_route=%2Fwp%2Fv2%2Fcomments&post=9970"}],"version-history":[{"count":35,"href":"http:\/\/heimatverein.he-webpack.de\/index.php?rest_route=\/wp\/v2\/posts\/9970\/revisions"}],"predecessor-version":[{"id":10105,"href":"http:\/\/heimatverein.he-webpack.de\/index.php?rest_route=\/wp\/v2\/posts\/9970\/revisions\/10105"}],"wp:attachment":[{"href":"http:\/\/heimatverein.he-webpack.de\/index.php?rest_route=%2Fwp%2Fv2%2Fmedia&parent=9970"}],"wp:term":[{"taxonomy":"category","embeddable":true,"href":"http:\/\/heimatverein.he-webpack.de\/index.php?rest_route=%2Fwp%2Fv2%2Fcategories&post=9970"},{"taxonomy":"post_tag","embeddable":true,"href":"http:\/\/heimatverein.he-webpack.de\/index.php?rest_route=%2Fwp%2Fv2%2Ftags&post=9970"}],"curies":[{"name":"wp","href":"https:\/\/api.w.org\/{rel}","templated":true}]}}