{"id":9882,"date":"2021-09-14T08:50:01","date_gmt":"2021-09-14T06:50:01","guid":{"rendered":"http:\/\/heimatverein.he-webpack.de\/?p=9882"},"modified":"2021-10-08T11:11:17","modified_gmt":"2021-10-08T09:11:17","slug":"gemeinderatswahlen","status":"publish","type":"post","link":"http:\/\/heimatverein.he-webpack.de\/?p=9882","title":{"rendered":"Gemeinderatswahlen"},"content":{"rendered":"<p><a href=\"http:\/\/heimatverein.he-webpack.de\/wp-content\/uploads\/2021\/09\/Ratsmitglieder-B\u00f6rger-ab-2021.jpg\"><img loading=\"lazy\" decoding=\"async\" src=\"http:\/\/heimatverein.he-webpack.de\/wp-content\/uploads\/2021\/09\/Ratsmitglieder-B\u00f6rger-ab-2021-300x176.jpg\" alt=\"\" width=\"300\" height=\"176\" class=\"alignright size-medium wp-image-9959\" srcset=\"http:\/\/heimatverein.he-webpack.de\/wp-content\/uploads\/2021\/09\/Ratsmitglieder-B\u00f6rger-ab-2021-300x176.jpg 300w, http:\/\/heimatverein.he-webpack.de\/wp-content\/uploads\/2021\/09\/Ratsmitglieder-B\u00f6rger-ab-2021-768x450.jpg 768w, http:\/\/heimatverein.he-webpack.de\/wp-content\/uploads\/2021\/09\/Ratsmitglieder-B\u00f6rger-ab-2021-1024x600.jpg 1024w, http:\/\/heimatverein.he-webpack.de\/wp-content\/uploads\/2021\/09\/Ratsmitglieder-B\u00f6rger-ab-2021-150x88.jpg 150w, http:\/\/heimatverein.he-webpack.de\/wp-content\/uploads\/2021\/09\/Ratsmitglieder-B\u00f6rger-ab-2021-400x234.jpg 400w\" sizes=\"auto, (max-width: 300px) 100vw, 300px\" \/><\/a>14.09.2021 UB &#8211; Die Kommunalwahlen in Niedersachsen haben am Sonntag den 12. Sept. stattgefunden. Dabei hat die CDU einen Kandidaten dazugewonnen und die meisten Stimmen erhalten. 6 SPD Mitglieder, 6 CDU Mitglieder und 1 UWG Kandidat geh\u00f6ren dem Rat der Gemeinde B\u00f6rger von 2021 &#8211; 2026 an. Das vorl\u00e4ufige amtliche Endergebnis steht fest. Im Rat der Gemeinde sind folgende Mitglieder (siehe rechts) gew\u00e4hlt.<\/p>\n<p>Der alte Rat ist bis 30. Okt. 2021 im Amt. Ab 01. Nov. 2021 dann der neue Rat. Bis dahin m\u00fcssen Absprachen getroffen werden, denn in der konstituierenden Sitzung Anfang November stehen unter anderem Neuwahlen f\u00fcr das B\u00fcrgermeister- und Gemeindedirektoramt, sowie der Aussch\u00fcsse an. Wir wollen hoffen, das in der neuen Wahlperiode wieder ein gedeihliches Miteinander \u00fcber Parteigrenzen hinweg, zum Wohle der B\u00fcrger, funktionieren wird. Hierzu sind alle gew\u00e4hlten Mitglieder des Rates aufgefordert.<\/p>\n","protected":false},"excerpt":{"rendered":"<p>14.09.2021 UB &#8211; Die Kommunalwahlen in Niedersachsen haben am Sonntag den 12. Sept. stattgefunden. Dabei hat die CDU einen Kandidaten dazugewonnen und die meisten Stimmen erhalten. 6 SPD Mitglieder, 6 CDU Mitglieder und 1 UWG Kandidat geh\u00f6ren dem Rat der Gemeinde B\u00f6rger von 2021 &#8211; 2026 an. Das vorl\u00e4ufige amtliche Endergebnis steht fest. Im Rat [&#8230;]<\/p>\n","protected":false},"author":2,"featured_media":0,"comment_status":"closed","ping_status":"open","sticky":false,"template":"","format":"standard","meta":{"ngg_post_thumbnail":0,"footnotes":""},"categories":[3],"tags":[],"class_list":["post-9882","post","type-post","status-publish","format-standard","hentry","category-neuigkeiten","odd"],"_links":{"self":[{"href":"http:\/\/heimatverein.he-webpack.de\/index.php?rest_route=\/wp\/v2\/posts\/9882","targetHints":{"allow":["GET"]}}],"collection":[{"href":"http:\/\/heimatverein.he-webpack.de\/index.php?rest_route=\/wp\/v2\/posts"}],"about":[{"href":"http:\/\/heimatverein.he-webpack.de\/index.php?rest_route=\/wp\/v2\/types\/post"}],"author":[{"embeddable":true,"href":"http:\/\/heimatverein.he-webpack.de\/index.php?rest_route=\/wp\/v2\/users\/2"}],"replies":[{"embeddable":true,"href":"http:\/\/heimatverein.he-webpack.de\/index.php?rest_route=%2Fwp%2Fv2%2Fcomments&post=9882"}],"version-history":[{"count":16,"href":"http:\/\/heimatverein.he-webpack.de\/index.php?rest_route=\/wp\/v2\/posts\/9882\/revisions"}],"predecessor-version":[{"id":9885,"href":"http:\/\/heimatverein.he-webpack.de\/index.php?rest_route=\/wp\/v2\/posts\/9882\/revisions\/9885"}],"wp:attachment":[{"href":"http:\/\/heimatverein.he-webpack.de\/index.php?rest_route=%2Fwp%2Fv2%2Fmedia&parent=9882"}],"wp:term":[{"taxonomy":"category","embeddable":true,"href":"http:\/\/heimatverein.he-webpack.de\/index.php?rest_route=%2Fwp%2Fv2%2Fcategories&post=9882"},{"taxonomy":"post_tag","embeddable":true,"href":"http:\/\/heimatverein.he-webpack.de\/index.php?rest_route=%2Fwp%2Fv2%2Ftags&post=9882"}],"curies":[{"name":"wp","href":"https:\/\/api.w.org\/{rel}","templated":true}]}}