{"id":9854,"date":"2021-09-01T08:40:44","date_gmt":"2021-09-01T06:40:44","guid":{"rendered":"http:\/\/heimatverein.he-webpack.de\/?p=9854"},"modified":"2021-11-03T05:54:01","modified_gmt":"2021-11-03T04:54:01","slug":"neue-strassen-in-boerger","status":"publish","type":"post","link":"http:\/\/heimatverein.he-webpack.de\/?p=9854","title":{"rendered":"Neue Stra\u00dfen in B\u00f6rger"},"content":{"rendered":"<p><a href=\"http:\/\/heimatverein.he-webpack.de\/wp-content\/uploads\/2021\/09\/Bagger-T\u00f6ppen-1200.jpg\"><img loading=\"lazy\" decoding=\"async\" src=\"http:\/\/heimatverein.he-webpack.de\/wp-content\/uploads\/2021\/09\/Bagger-T\u00f6ppen-1200-200x150.jpg\" alt=\"\" width=\"200\" height=\"150\" class=\"alignleft size-thumbnail wp-image-9855\" \/><\/a>01.09.2021 UB &#8211; Die Bauarbeiten zur Einrichtung eines Neubaugebietes in B\u00f6rger &#8222;Am T\u00f6ppen&#8220; schreiten z\u00fcgig voran. Wie in der letzten Ratssitzung besprochen wurde, werden die Grundst\u00fccke wohl noch in diesem Jahr (?) oder im Winter 2021\/2022, bebaubar sein. Die Anfragen bei der Gemeinde nach Baugrund ist nach wie vor hoch. Zum ersten Mal wird die Siedlung voll erschlossen und ausgebaut sein, wenn Bauwillige die Parzelle \u00fcbernehmen. Und das zu einem \u00fcberaus g\u00fcnstigen Ankaufpreis. In der \u00f6ffentlichen Sitzung des Rates der Gemeinde am 18. Aug. 2021 wurden f\u00fcr dieses Gebiet Stra\u00dfennamen vergeben. Man einigte sich nach Vorgespr\u00e4chen mit gro\u00dfer Mehrheit im Rat auf Namen, die auf die historischen Gegebenheiten hinweisen und diesen Ort kennzeichnen. <\/p>\n<p>Geografisch liegt diese Ortserweiterung &#8222;bei den gro\u00dfen Steinen&#8220;. Einer Bezeichnung, die an die drei im Ortsbereich B\u00f6rger liegenden Gro\u00dfsteingr\u00e4ber hinweisen, die 3.500 bis 2.000 Jahre vor Christi Geburt hier entstanden sind, und dem Opferstein der als Kult- Fehme- und Opferst\u00e4tte diente. Diesen kulturhistorischen Denkmalen widmete die Gemeinde vor Jahrzehnten schon drei Stra\u00dfennamen. Die Stra\u00dfennamen &#8222;Zum Opferstein&#8220;, &#8222;Am H\u00fcnenstein&#8220; und &#8222;Bergstra\u00dfe&#8220; in Anlehnung an &#8222;Fehmeberg&#8220; oder Vogelberg&#8220;, sind hier vorhanden. <\/p>\n<p>N\u00f6rdlich der &#8222;Gro\u00dfen Steine&#8220; in B\u00f6rger, dort wo die Siedlung entsteht, fand 1230 eine Schlacht zwischen Friesen und H\u00fcmmlingern statt, bei der die H\u00fcmmlinger mit Hilfe des Landesherren, des Grafen Otto von Ravensburg die Friesen vernichtend schlugen und in die Flucht trieben, obwohl sie zahlenm\u00e4\u00dfig in der Minderheit waren. \u00dcberliefert ist, das eine Ehefrau in B\u00f6rger ihrem Manne vor der Schlacht einen Bierkrug reicht und ihn verbietet als Verlierer wiederzukommen. Durch das gemeinsame Handeln der H\u00fcmmlinger und des Landesherren, gingen die \u00dcberf\u00e4lle von Friesen auf den H\u00fcmmling zur\u00fcck. In einem B\u00f6rger Bauernhaus (Sch\u00fctten?) ist in den folgenden Jahrhunderten ein Schmuckfenster (Bleiglasruten) zu sehen gewesen, das eine Schlachtszene dokumentiert. Man nannte die Friesen, die in der Schlacht gro\u00dfe wei\u00dfe Federn als Erkennungszeichen an den M\u00fctzen trugen, Hoahne oder H\u00e4hne. (siehe: Emo in Matth.anal.II.99. Wiarba (ostf. Geschichte I. 197 u. Diepenbrock-Aufz.). In Anlehnung dieser historischen Begebenheit, hat der Gemeinderat B\u00f6rger die neuen Stra\u00dfen <strong>&#8222;Friesenweg&#8220;.<\/strong>, (Einfahrt von der Koautroe\/Bergstra\u00dfe aus), und <strong>&#8222;Hahnenkamp&#8220;<\/strong> (Sackgasse hinter dem Friesenweg), benannt.  Eine dritte Stra\u00dfe wei\u00dft auf den alten Flurnamen vor den Westerntannen = <strong>&#8222;Westertannen&#8220;<\/strong> hin (Einfahrt vom T\u00f6ppen). <\/p>\n","protected":false},"excerpt":{"rendered":"<p>01.09.2021 UB &#8211; Die Bauarbeiten zur Einrichtung eines Neubaugebietes in B\u00f6rger &#8222;Am T\u00f6ppen&#8220; schreiten z\u00fcgig voran. Wie in der letzten Ratssitzung besprochen wurde, werden die Grundst\u00fccke wohl noch in diesem Jahr (?) oder im Winter 2021\/2022, bebaubar sein. Die Anfragen bei der Gemeinde nach Baugrund ist nach wie vor hoch. Zum ersten Mal wird die [&#8230;]<\/p>\n","protected":false},"author":2,"featured_media":0,"comment_status":"closed","ping_status":"open","sticky":false,"template":"","format":"standard","meta":{"ngg_post_thumbnail":0,"footnotes":""},"categories":[3],"tags":[],"class_list":["post-9854","post","type-post","status-publish","format-standard","hentry","category-neuigkeiten","odd"],"_links":{"self":[{"href":"http:\/\/heimatverein.he-webpack.de\/index.php?rest_route=\/wp\/v2\/posts\/9854","targetHints":{"allow":["GET"]}}],"collection":[{"href":"http:\/\/heimatverein.he-webpack.de\/index.php?rest_route=\/wp\/v2\/posts"}],"about":[{"href":"http:\/\/heimatverein.he-webpack.de\/index.php?rest_route=\/wp\/v2\/types\/post"}],"author":[{"embeddable":true,"href":"http:\/\/heimatverein.he-webpack.de\/index.php?rest_route=\/wp\/v2\/users\/2"}],"replies":[{"embeddable":true,"href":"http:\/\/heimatverein.he-webpack.de\/index.php?rest_route=%2Fwp%2Fv2%2Fcomments&post=9854"}],"version-history":[{"count":29,"href":"http:\/\/heimatverein.he-webpack.de\/index.php?rest_route=\/wp\/v2\/posts\/9854\/revisions"}],"predecessor-version":[{"id":9857,"href":"http:\/\/heimatverein.he-webpack.de\/index.php?rest_route=\/wp\/v2\/posts\/9854\/revisions\/9857"}],"wp:attachment":[{"href":"http:\/\/heimatverein.he-webpack.de\/index.php?rest_route=%2Fwp%2Fv2%2Fmedia&parent=9854"}],"wp:term":[{"taxonomy":"category","embeddable":true,"href":"http:\/\/heimatverein.he-webpack.de\/index.php?rest_route=%2Fwp%2Fv2%2Fcategories&post=9854"},{"taxonomy":"post_tag","embeddable":true,"href":"http:\/\/heimatverein.he-webpack.de\/index.php?rest_route=%2Fwp%2Fv2%2Ftags&post=9854"}],"curies":[{"name":"wp","href":"https:\/\/api.w.org\/{rel}","templated":true}]}}