{"id":9820,"date":"2021-07-09T08:49:23","date_gmt":"2021-07-09T06:49:23","guid":{"rendered":"http:\/\/heimatverein.he-webpack.de\/?p=9820"},"modified":"2021-07-09T08:49:23","modified_gmt":"2021-07-09T06:49:23","slug":"mitgliederversammlung-und-use-borger-2021","status":"publish","type":"post","link":"http:\/\/heimatverein.he-webpack.de\/?p=9820","title":{"rendered":"Mitgliederversammlung und Use Borger 2021"},"content":{"rendered":"<p><img loading=\"lazy\" decoding=\"async\" src=\"http:\/\/heimatverein.he-webpack.de\/wp-content\/uploads\/2021\/07\/Zehntscheune-Umfeld-6.21UB-300x191.jpg\" alt=\"\" width=\"300\" height=\"191\" class=\"alignright size-medium wp-image-9822\" srcset=\"http:\/\/heimatverein.he-webpack.de\/wp-content\/uploads\/2021\/07\/Zehntscheune-Umfeld-6.21UB-300x191.jpg 300w, http:\/\/heimatverein.he-webpack.de\/wp-content\/uploads\/2021\/07\/Zehntscheune-Umfeld-6.21UB-768x489.jpg 768w, http:\/\/heimatverein.he-webpack.de\/wp-content\/uploads\/2021\/07\/Zehntscheune-Umfeld-6.21UB-1024x653.jpg 1024w, http:\/\/heimatverein.he-webpack.de\/wp-content\/uploads\/2021\/07\/Zehntscheune-Umfeld-6.21UB-150x96.jpg 150w, http:\/\/heimatverein.he-webpack.de\/wp-content\/uploads\/2021\/07\/Zehntscheune-Umfeld-6.21UB-400x255.jpg 400w\" sizes=\"auto, (max-width: 300px) 100vw, 300px\" \/>09.07.2021 UB &#8211; Auf der Vorstandsitzung im Juni 2021 wurde besprochen, da die Corona-Infektionszahlen niedrig sind, zwei Mitgliederversammlungen (f\u00fcr 2019 und 2020) anzuberaumen. Sie sollen am Sonntag den 17. Okt. 2021 stattfinden, wenn die Situation es erlaubt. Einladungen werden im September dann termingerecht herausgehen. Wir hoffen, das diese Veranstaltung stattfinden kann!<\/p>\n<p>Auch in diesem Jahr haben wir Themen f\u00fcr Use Borger aufarbeiten k\u00f6nnen und werden die Ergebnisse in einer Jahresschrift ver\u00f6ffentlichen. Wir planen, wie gehabt, die Ver\u00f6ffentlichung unserer Schrift am Vortag zum 1. Advent 2021. In diesem Zusammenhang bitten wir noch einmal um Hilfe bei der Arbeit an der Jahresschrift. Wer hat Lust dort mitzuarbeiten? Wer hat noch Themen, die aufgearbeitet werden m\u00fcssen um sie f\u00fcr die Nachwelt zu erhalten? <\/p>\n","protected":false},"excerpt":{"rendered":"<p>09.07.2021 UB &#8211; Auf der Vorstandsitzung im Juni 2021 wurde besprochen, da die Corona-Infektionszahlen niedrig sind, zwei Mitgliederversammlungen (f\u00fcr 2019 und 2020) anzuberaumen. Sie sollen am Sonntag den 17. Okt. 2021 stattfinden, wenn die Situation es erlaubt. Einladungen werden im September dann termingerecht herausgehen. Wir hoffen, das diese Veranstaltung stattfinden kann!<\/p>\n<p>Auch in diesem Jahr [&#8230;]<\/p>\n","protected":false},"author":2,"featured_media":0,"comment_status":"closed","ping_status":"open","sticky":false,"template":"","format":"standard","meta":{"ngg_post_thumbnail":0,"footnotes":""},"categories":[3],"tags":[],"class_list":["post-9820","post","type-post","status-publish","format-standard","hentry","category-neuigkeiten","odd"],"_links":{"self":[{"href":"http:\/\/heimatverein.he-webpack.de\/index.php?rest_route=\/wp\/v2\/posts\/9820","targetHints":{"allow":["GET"]}}],"collection":[{"href":"http:\/\/heimatverein.he-webpack.de\/index.php?rest_route=\/wp\/v2\/posts"}],"about":[{"href":"http:\/\/heimatverein.he-webpack.de\/index.php?rest_route=\/wp\/v2\/types\/post"}],"author":[{"embeddable":true,"href":"http:\/\/heimatverein.he-webpack.de\/index.php?rest_route=\/wp\/v2\/users\/2"}],"replies":[{"embeddable":true,"href":"http:\/\/heimatverein.he-webpack.de\/index.php?rest_route=%2Fwp%2Fv2%2Fcomments&post=9820"}],"version-history":[{"count":2,"href":"http:\/\/heimatverein.he-webpack.de\/index.php?rest_route=\/wp\/v2\/posts\/9820\/revisions"}],"predecessor-version":[{"id":9824,"href":"http:\/\/heimatverein.he-webpack.de\/index.php?rest_route=\/wp\/v2\/posts\/9820\/revisions\/9824"}],"wp:attachment":[{"href":"http:\/\/heimatverein.he-webpack.de\/index.php?rest_route=%2Fwp%2Fv2%2Fmedia&parent=9820"}],"wp:term":[{"taxonomy":"category","embeddable":true,"href":"http:\/\/heimatverein.he-webpack.de\/index.php?rest_route=%2Fwp%2Fv2%2Fcategories&post=9820"},{"taxonomy":"post_tag","embeddable":true,"href":"http:\/\/heimatverein.he-webpack.de\/index.php?rest_route=%2Fwp%2Fv2%2Ftags&post=9820"}],"curies":[{"name":"wp","href":"https:\/\/api.w.org\/{rel}","templated":true}]}}