{"id":9793,"date":"2021-07-04T18:09:31","date_gmt":"2021-07-04T16:09:31","guid":{"rendered":"http:\/\/heimatverein.he-webpack.de\/?p=9793"},"modified":"2021-07-04T22:46:37","modified_gmt":"2021-07-04T20:46:37","slug":"planung-zur-aufwertung-des-wacholdehains","status":"publish","type":"post","link":"http:\/\/heimatverein.he-webpack.de\/?p=9793","title":{"rendered":"Planung zur Aufwertung des Wacholderhains"},"content":{"rendered":"<p><a href=\"http:\/\/heimatverein.he-webpack.de\/wp-content\/uploads\/2021\/07\/Leader-1200Wachold.jpg\" rel=\"lightbox[9793]\"><img loading=\"lazy\" decoding=\"async\" src=\"http:\/\/heimatverein.he-webpack.de\/wp-content\/uploads\/2021\/07\/Leader-1200Wachold-300x181.jpg\" alt=\"\" width=\"300\" height=\"181\" class=\"alignright size-medium wp-image-9815\" srcset=\"http:\/\/heimatverein.he-webpack.de\/wp-content\/uploads\/2021\/07\/Leader-1200Wachold-300x181.jpg 300w, http:\/\/heimatverein.he-webpack.de\/wp-content\/uploads\/2021\/07\/Leader-1200Wachold-768x463.jpg 768w, http:\/\/heimatverein.he-webpack.de\/wp-content\/uploads\/2021\/07\/Leader-1200Wachold-1024x618.jpg 1024w, http:\/\/heimatverein.he-webpack.de\/wp-content\/uploads\/2021\/07\/Leader-1200Wachold-150x91.jpg 150w, http:\/\/heimatverein.he-webpack.de\/wp-content\/uploads\/2021\/07\/Leader-1200Wachold-400x241.jpg 400w, http:\/\/heimatverein.he-webpack.de\/wp-content\/uploads\/2021\/07\/Leader-1200Wachold.jpg 1200w\" sizes=\"auto, (max-width: 300px) 100vw, 300px\" \/><\/a>04.07.2021 UB &#8211; Am 17.06.2021 fand am Wacholderhain ein Ortstermin statt. Hier sollte mit den involvierten Gremien die Situation vor Ort in Augenschein genommen werden. Geplant ist eine massive Aufwertung der \u00d6rtlichkeit als Kulturprojekt der EU, (Parkplatzbefestigung, Wegef\u00fchrung verbessern, Heide anpflanzen, Koavenumfeld entkusseln (Aufwuchs massiv zur\u00fcckdr\u00fccken), Wegraine im Wacholderhain mit Heide best\u00fccken und Birkenaufschlag entfernen. Vom Heimatverein nahmen Stefan Sievers (3.v.re) und Hermann Eilers (re.) teil. Vom Gemeinderat die SPD Ratsherren Klaus Fleer (3.v.li.) und Wilhelm Klaas (2.v.li), Hermann Ubbenjans und Andreas Jansen (li.) von der CDU, Dr. Niels Gepp (2.v.re.) Abt.Ltr. Naturschutz und Forsten des Landkreises Emsland (und CDU Kandidat bei den Wahlen 2021 f\u00fcr das Amt des B\u00fcrgermeisters der SG S\u00f6gel) und Ralf Deitermann (4.v.re.) Regionalmanager der Samtgemeinden des H\u00fcmmling. Diese Ma\u00dfnahme soll zeitnah im Rahmen eines LEADER-Projektes forciert werden. Der Heimatverein und die CDU Fraktion dringen auf die Umsetzung, nachdem dieses Projekt schon 2016\/2017 anberaumt, aber nicht verwirklicht wurde.<\/p>\n","protected":false},"excerpt":{"rendered":"<p>04.07.2021 UB &#8211; Am 17.06.2021 fand am Wacholderhain ein Ortstermin statt. Hier sollte mit den involvierten Gremien die Situation vor Ort in Augenschein genommen werden. Geplant ist eine massive Aufwertung der \u00d6rtlichkeit als Kulturprojekt der EU, (Parkplatzbefestigung, Wegef\u00fchrung verbessern, Heide anpflanzen, Koavenumfeld entkusseln (Aufwuchs massiv zur\u00fcckdr\u00fccken), Wegraine im Wacholderhain mit Heide best\u00fccken und Birkenaufschlag entfernen. [&#8230;]<\/p>\n","protected":false},"author":2,"featured_media":0,"comment_status":"closed","ping_status":"open","sticky":false,"template":"","format":"standard","meta":{"ngg_post_thumbnail":0,"footnotes":""},"categories":[3],"tags":[],"class_list":["post-9793","post","type-post","status-publish","format-standard","hentry","category-neuigkeiten","odd"],"_links":{"self":[{"href":"http:\/\/heimatverein.he-webpack.de\/index.php?rest_route=\/wp\/v2\/posts\/9793","targetHints":{"allow":["GET"]}}],"collection":[{"href":"http:\/\/heimatverein.he-webpack.de\/index.php?rest_route=\/wp\/v2\/posts"}],"about":[{"href":"http:\/\/heimatverein.he-webpack.de\/index.php?rest_route=\/wp\/v2\/types\/post"}],"author":[{"embeddable":true,"href":"http:\/\/heimatverein.he-webpack.de\/index.php?rest_route=\/wp\/v2\/users\/2"}],"replies":[{"embeddable":true,"href":"http:\/\/heimatverein.he-webpack.de\/index.php?rest_route=%2Fwp%2Fv2%2Fcomments&post=9793"}],"version-history":[{"count":9,"href":"http:\/\/heimatverein.he-webpack.de\/index.php?rest_route=\/wp\/v2\/posts\/9793\/revisions"}],"predecessor-version":[{"id":9817,"href":"http:\/\/heimatverein.he-webpack.de\/index.php?rest_route=\/wp\/v2\/posts\/9793\/revisions\/9817"}],"wp:attachment":[{"href":"http:\/\/heimatverein.he-webpack.de\/index.php?rest_route=%2Fwp%2Fv2%2Fmedia&parent=9793"}],"wp:term":[{"taxonomy":"category","embeddable":true,"href":"http:\/\/heimatverein.he-webpack.de\/index.php?rest_route=%2Fwp%2Fv2%2Fcategories&post=9793"},{"taxonomy":"post_tag","embeddable":true,"href":"http:\/\/heimatverein.he-webpack.de\/index.php?rest_route=%2Fwp%2Fv2%2Ftags&post=9793"}],"curies":[{"name":"wp","href":"https:\/\/api.w.org\/{rel}","templated":true}]}}