{"id":9641,"date":"2020-11-18T13:38:11","date_gmt":"2020-11-18T12:38:11","guid":{"rendered":"http:\/\/heimatverein.he-webpack.de\/?p=9641"},"modified":"2020-12-14T20:38:01","modified_gmt":"2020-12-14T19:38:01","slug":"wegen-der-covid19-epidemie","status":"publish","type":"post","link":"http:\/\/heimatverein.he-webpack.de\/?p=9641","title":{"rendered":"Wegen der Covid19-Pandemie fand Vieles nicht statt"},"content":{"rendered":"<p><img loading=\"lazy\" decoding=\"async\" src=\"http:\/\/heimatverein.he-webpack.de\/wp-content\/uploads\/2020\/11\/Plakat--200x150.jpg\" alt=\"\" width=\"200\" height=\"150\" class=\"alignright size-thumbnail wp-image-9644\" \/>18.11.2020 UB &#8211; Da die seit Ende 2019 grasierende &#8222;Corona&#8220; viele Kontakte unter den Mitb\u00fcrgern nicht zul\u00e4sst, haben wir im M\u00e4rz 2020 bei der ersten Welle die Mitgliederversammlung ausfallen lassen. Dieses geschah in Absprache mit der Gemeinde und dem Kreisheimatverein. Wir haben aber die Jahresrechnung 2019 und den Jahresbericht 2019 (in einer PPP) seit dieser Zeit fertig und er liegt den Mitgliedern auf Anfrage beim Vorstand zur Einsicht bereit. Nur die Ver\u00f6ffentlichung konnte im Fr\u00fchjahr 2020 nicht stattfinden. Wir werden die Ver\u00f6ffentlichung sobald es m\u00f6glich ist, nachholen. Wann dieses sein wird steht wegen der &#8222;Corona&#8220; noch in den Sternen, geplant ist dieses f\u00fcr den 21. M\u00e4rz 2021. Dann findet, wenn m\u00f6glich, die JHV 2020 und die JHV 2021 statt. Diese Verfahrensweise stellt den bestm\u00f6glichen Weg dar, so rechtliche Infos und Absprachen mit dem KHV und dem EHB (wir befinden uns da in einer Grauzone des Rechtes). Des weiteren ist das Teichfest (mit Einweihung der Zehntscheune), das Ende August 2020 geplant war und der Ausflug 2020, ausgefallen.<\/p>\n<p>Die Vorstellung der Jahresschrift 2020 und das Gr\u00fcnkohlessen fallen in diesem Jahr ebenfalls aus. Wir haben aber unsere Jahresschrift in Druck. Sie ist <strong> ab Montag 30.11.2020 <\/strong>bei den bekannten Verkaufsstellen (Lebensmittel Funke, Volksbank Nordh\u00fcmmmling, bei der Hobbyscheune, Fris\u00f6r Gerdes sowie Gemeinde B\u00f6rger), erh\u00e4ltlich sein.<\/p>\n","protected":false},"excerpt":{"rendered":"<p>18.11.2020 UB &#8211; Da die seit Ende 2019 grasierende &#8222;Corona&#8220; viele Kontakte unter den Mitb\u00fcrgern nicht zul\u00e4sst, haben wir im M\u00e4rz 2020 bei der ersten Welle die Mitgliederversammlung ausfallen lassen. Dieses geschah in Absprache mit der Gemeinde und dem Kreisheimatverein. Wir haben aber die Jahresrechnung 2019 und den Jahresbericht 2019 (in einer PPP) seit dieser [&#8230;]<\/p>\n","protected":false},"author":2,"featured_media":0,"comment_status":"closed","ping_status":"open","sticky":false,"template":"","format":"standard","meta":{"ngg_post_thumbnail":0,"footnotes":""},"categories":[3],"tags":[],"class_list":["post-9641","post","type-post","status-publish","format-standard","hentry","category-neuigkeiten","odd"],"_links":{"self":[{"href":"http:\/\/heimatverein.he-webpack.de\/index.php?rest_route=\/wp\/v2\/posts\/9641","targetHints":{"allow":["GET"]}}],"collection":[{"href":"http:\/\/heimatverein.he-webpack.de\/index.php?rest_route=\/wp\/v2\/posts"}],"about":[{"href":"http:\/\/heimatverein.he-webpack.de\/index.php?rest_route=\/wp\/v2\/types\/post"}],"author":[{"embeddable":true,"href":"http:\/\/heimatverein.he-webpack.de\/index.php?rest_route=\/wp\/v2\/users\/2"}],"replies":[{"embeddable":true,"href":"http:\/\/heimatverein.he-webpack.de\/index.php?rest_route=%2Fwp%2Fv2%2Fcomments&post=9641"}],"version-history":[{"count":6,"href":"http:\/\/heimatverein.he-webpack.de\/index.php?rest_route=\/wp\/v2\/posts\/9641\/revisions"}],"predecessor-version":[{"id":9643,"href":"http:\/\/heimatverein.he-webpack.de\/index.php?rest_route=\/wp\/v2\/posts\/9641\/revisions\/9643"}],"wp:attachment":[{"href":"http:\/\/heimatverein.he-webpack.de\/index.php?rest_route=%2Fwp%2Fv2%2Fmedia&parent=9641"}],"wp:term":[{"taxonomy":"category","embeddable":true,"href":"http:\/\/heimatverein.he-webpack.de\/index.php?rest_route=%2Fwp%2Fv2%2Fcategories&post=9641"},{"taxonomy":"post_tag","embeddable":true,"href":"http:\/\/heimatverein.he-webpack.de\/index.php?rest_route=%2Fwp%2Fv2%2Ftags&post=9641"}],"curies":[{"name":"wp","href":"https:\/\/api.w.org\/{rel}","templated":true}]}}