{"id":9592,"date":"2020-09-20T18:50:27","date_gmt":"2020-09-20T16:50:27","guid":{"rendered":"http:\/\/heimatverein.he-webpack.de\/?p=9592"},"modified":"2020-09-20T21:21:45","modified_gmt":"2020-09-20T19:21:45","slug":"radtour-des-heimatverein","status":"publish","type":"post","link":"http:\/\/heimatverein.he-webpack.de\/?p=9592","title":{"rendered":"Radtour des Heimatverein"},"content":{"rendered":"<p><a href=\"http:\/\/heimatverein.he-webpack.de\/wp-content\/uploads\/2020\/09\/M\u00fchle-Wip1200.jpg\"><img loading=\"lazy\" decoding=\"async\" src=\"http:\/\/heimatverein.he-webpack.de\/wp-content\/uploads\/2020\/09\/M\u00fchle-Wip1200-200x150.jpg\" alt=\"\" width=\"200\" height=\"150\" class=\"alignright size-thumbnail wp-image-9601\" \/><\/a>20.09.2020 UB &#8211; Heute war der Heimatverein mit dem Fahrrad unterwegs. Es ging unter Leitung von Bernd Gebkenjans, mit coronabedingt einer kleinen Gruppe, nach Wippingen zum dortigen Heimatverein. Bei bestem Sonnenwetter war die Fahrt angenehm. Nach einer St\u00e4rkung mit <div id=\"attachment_9593\" style=\"width: 210px\" class=\"wp-caption alignleft\"><a href=\"http:\/\/heimatverein.he-webpack.de\/wp-content\/uploads\/2020\/09\/M\u00fchle-Wip-Radfahrgr1200.jpg\"><img loading=\"lazy\" decoding=\"async\" aria-describedby=\"caption-attachment-9593\" src=\"http:\/\/heimatverein.he-webpack.de\/wp-content\/uploads\/2020\/09\/M\u00fchle-Wip-Radfahrgr1200-200x150.jpg\" alt=\"\" width=\"200\" height=\"150\" class=\"size-thumbnail wp-image-9593\" \/><\/a><p id=\"caption-attachment-9593\" class=\"wp-caption-text\">mit dem Radel unterwegs<\/p><\/div>Kaffee und Kuchen besichtigte man unter Leitung und F\u00fchrung von Heinz Schulte vom Heimatverein Wippingen, die Anlagen. Vor allem die historische M\u00fchle (Durchfahrtholl\u00e4nder), das kleine Museum und die H\u00e4user um den historischen Platz (Schafstall, Backhaus und Remise) herum, bevor man \u00fcber Neub\u00f6rger und am Kolpingskreuz vorbei, den R\u00fcckweg antrat. Es war ein sch\u00f6ner Sonntagnachmittag res\u00fcmierte man bei der R\u00fcckkehr in B\u00f6rger. Einen besonderen Dank gab es f\u00fcr Bernd Gebkenjans, der diesen Ausflug plante und mit uns durchf\u00fchrte.<\/p>\n","protected":false},"excerpt":{"rendered":"<p>20.09.2020 UB &#8211; Heute war der Heimatverein mit dem Fahrrad unterwegs. Es ging unter Leitung von Bernd Gebkenjans, mit coronabedingt einer kleinen Gruppe, nach Wippingen zum dortigen Heimatverein. Bei bestem Sonnenwetter war die Fahrt angenehm. Nach einer St\u00e4rkung mit <\/p>\n<p id=\"caption-attachment-9593\" class=\"wp-caption-text\">mit dem Radel unterwegs<\/p>\n<p>Kaffee und Kuchen besichtigte man unter Leitung und F\u00fchrung von Heinz [&#8230;]<\/p>\n","protected":false},"author":2,"featured_media":0,"comment_status":"closed","ping_status":"open","sticky":false,"template":"","format":"standard","meta":{"ngg_post_thumbnail":0,"footnotes":""},"categories":[3],"tags":[],"class_list":["post-9592","post","type-post","status-publish","format-standard","hentry","category-neuigkeiten","odd"],"_links":{"self":[{"href":"http:\/\/heimatverein.he-webpack.de\/index.php?rest_route=\/wp\/v2\/posts\/9592","targetHints":{"allow":["GET"]}}],"collection":[{"href":"http:\/\/heimatverein.he-webpack.de\/index.php?rest_route=\/wp\/v2\/posts"}],"about":[{"href":"http:\/\/heimatverein.he-webpack.de\/index.php?rest_route=\/wp\/v2\/types\/post"}],"author":[{"embeddable":true,"href":"http:\/\/heimatverein.he-webpack.de\/index.php?rest_route=\/wp\/v2\/users\/2"}],"replies":[{"embeddable":true,"href":"http:\/\/heimatverein.he-webpack.de\/index.php?rest_route=%2Fwp%2Fv2%2Fcomments&post=9592"}],"version-history":[{"count":16,"href":"http:\/\/heimatverein.he-webpack.de\/index.php?rest_route=\/wp\/v2\/posts\/9592\/revisions"}],"predecessor-version":[{"id":9616,"href":"http:\/\/heimatverein.he-webpack.de\/index.php?rest_route=\/wp\/v2\/posts\/9592\/revisions\/9616"}],"wp:attachment":[{"href":"http:\/\/heimatverein.he-webpack.de\/index.php?rest_route=%2Fwp%2Fv2%2Fmedia&parent=9592"}],"wp:term":[{"taxonomy":"category","embeddable":true,"href":"http:\/\/heimatverein.he-webpack.de\/index.php?rest_route=%2Fwp%2Fv2%2Fcategories&post=9592"},{"taxonomy":"post_tag","embeddable":true,"href":"http:\/\/heimatverein.he-webpack.de\/index.php?rest_route=%2Fwp%2Fv2%2Ftags&post=9592"}],"curies":[{"name":"wp","href":"https:\/\/api.w.org\/{rel}","templated":true}]}}