{"id":9573,"date":"2020-09-10T22:32:39","date_gmt":"2020-09-10T20:32:39","guid":{"rendered":"http:\/\/heimatverein.he-webpack.de\/?p=9573"},"modified":"2020-09-10T23:34:10","modified_gmt":"2020-09-10T21:34:10","slug":"vorstandsitzung-des-kreisheimatverein-aschendorf-huemmling","status":"publish","type":"post","link":"http:\/\/heimatverein.he-webpack.de\/?p=9573","title":{"rendered":"Vorstandsitzung des Kreisheimatverein ASD"},"content":{"rendered":"<p><div id=\"attachment_9574\" style=\"width: 210px\" class=\"wp-caption alignleft\"><a href=\"http:\/\/heimatverein.he-webpack.de\/wp-content\/uploads\/2020\/09\/KHV-ASD-in-B\u00f6rger-10.09.20.jpg\"><img loading=\"lazy\" decoding=\"async\" aria-describedby=\"caption-attachment-9574\" src=\"http:\/\/heimatverein.he-webpack.de\/wp-content\/uploads\/2020\/09\/KHV-ASD-in-B\u00f6rger-10.09.20-200x150.jpg\" alt=\"\" width=\"200\" height=\"150\" class=\"size-thumbnail wp-image-9574\" \/><\/a><p id=\"caption-attachment-9574\" class=\"wp-caption-text\">In geb\u00fchrendem Abstand stellte man sich zu einem Foto :: UB<\/p><\/div>10.09.2020 UB &#8211; Unter Corona-Bedingungen fand im Heimathaus B\u00f6rger heute die Vorstandsitzung des Kreisheimatverein Aschendorf H\u00fcmmling statt. Der normalerweise 60 Personen fassende Hauptraum bot gerade die Abst\u00e4nde, die bei dieser Pandemie f\u00fcr 16 Personen gefordert sind. Man hatte den Raum und die Logistik daf\u00fcr aufgebaut und hergerichtet. Begr\u00fc\u00dft wurde die Versammlung vom Kreisvorsitzenden Hans Albers, der sich beim Heimatverein B\u00f6rger f\u00fcr die Aufnahme im Heimathaus bedankte. Die geladenen Vorstandsmitglieder arbeiteten die Themen anhand der Tagesordnung ab. Der Vorsitzende, seinem Stellvertreter Hans Gr\u00f6nloh und die Gesch\u00e4ftsf\u00fchrerin Marion Martina stellten die Themen vor, und es wurden Arbeitsauftr\u00e4ge festgelegt, Beschl\u00fcsse gefasst und Absprachen getroffen. Im Anschlu\u00df der Zusammenkunft konnten sich die Mitglieder des KHV ASD noch in der Zehntscheune umsehen und Informationen sammeln. Drau\u00dfen stellte man sich (auf Abstand) zu einem Gruppenfoto mit dem B\u00f6rger HV-Vorsitzenden (mittig hinten).<\/p>\n","protected":false},"excerpt":{"rendered":"<p><p id=\"caption-attachment-9574\" class=\"wp-caption-text\">In geb\u00fchrendem Abstand stellte man sich zu einem Foto :: UB<\/p>\n<p>10.09.2020 UB &#8211; Unter Corona-Bedingungen fand im Heimathaus B\u00f6rger heute die Vorstandsitzung des Kreisheimatverein Aschendorf H\u00fcmmling statt. Der normalerweise 60 Personen fassende Hauptraum bot gerade die Abst\u00e4nde, die bei dieser Pandemie f\u00fcr 16 Personen gefordert sind. Man hatte den Raum und die Logistik [&#8230;]<\/p>\n","protected":false},"author":2,"featured_media":0,"comment_status":"closed","ping_status":"open","sticky":false,"template":"","format":"standard","meta":{"ngg_post_thumbnail":0,"footnotes":""},"categories":[3],"tags":[],"class_list":["post-9573","post","type-post","status-publish","format-standard","hentry","category-neuigkeiten","odd"],"_links":{"self":[{"href":"http:\/\/heimatverein.he-webpack.de\/index.php?rest_route=\/wp\/v2\/posts\/9573","targetHints":{"allow":["GET"]}}],"collection":[{"href":"http:\/\/heimatverein.he-webpack.de\/index.php?rest_route=\/wp\/v2\/posts"}],"about":[{"href":"http:\/\/heimatverein.he-webpack.de\/index.php?rest_route=\/wp\/v2\/types\/post"}],"author":[{"embeddable":true,"href":"http:\/\/heimatverein.he-webpack.de\/index.php?rest_route=\/wp\/v2\/users\/2"}],"replies":[{"embeddable":true,"href":"http:\/\/heimatverein.he-webpack.de\/index.php?rest_route=%2Fwp%2Fv2%2Fcomments&post=9573"}],"version-history":[{"count":10,"href":"http:\/\/heimatverein.he-webpack.de\/index.php?rest_route=\/wp\/v2\/posts\/9573\/revisions"}],"predecessor-version":[{"id":9576,"href":"http:\/\/heimatverein.he-webpack.de\/index.php?rest_route=\/wp\/v2\/posts\/9573\/revisions\/9576"}],"wp:attachment":[{"href":"http:\/\/heimatverein.he-webpack.de\/index.php?rest_route=%2Fwp%2Fv2%2Fmedia&parent=9573"}],"wp:term":[{"taxonomy":"category","embeddable":true,"href":"http:\/\/heimatverein.he-webpack.de\/index.php?rest_route=%2Fwp%2Fv2%2Fcategories&post=9573"},{"taxonomy":"post_tag","embeddable":true,"href":"http:\/\/heimatverein.he-webpack.de\/index.php?rest_route=%2Fwp%2Fv2%2Ftags&post=9573"}],"curies":[{"name":"wp","href":"https:\/\/api.w.org\/{rel}","templated":true}]}}