{"id":9512,"date":"2020-08-04T20:39:05","date_gmt":"2020-08-04T18:39:05","guid":{"rendered":"http:\/\/heimatverein.he-webpack.de\/?p=9512"},"modified":"2020-08-04T23:50:37","modified_gmt":"2020-08-04T21:50:37","slug":"ehrenmitglied-hans-geers-verstorben","status":"publish","type":"post","link":"http:\/\/heimatverein.he-webpack.de\/?p=9512","title":{"rendered":"Ehrenmitglied Hans Geers verstorben"},"content":{"rendered":"<p><img loading=\"lazy\" decoding=\"async\" src=\"http:\/\/heimatverein.he-webpack.de\/wp-content\/uploads\/2020\/08\/Geers-Hans-4-200x150.jpg\" alt=\"\" width=\"200\" height=\"150\" class=\"alignleft size-thumbnail wp-image-9528\" \/>04.08.2020 UB &#8211; Im Alter von 85 Jahren entschlief nach kurzer schwerer Krankheit gestern das Ehrenmitglied des Heimatvereines B\u00f6rger Hans Geers, den man auch unter dem Dorfnamen HarrenJan kannte. Der gelernte Landmaschinenschlosser ist in B\u00f6rger geboren und verbrachte seine Jugend- und Kinderjahre w\u00e4hrend und nach dem Krieg auch hier. Danach arbeitete er in seinem Beruf. Davon lange Jahre f\u00fcr die Bundeswehr in Lorup.  Er war beim Heimatverein vielseitig aktiv und als Mitglied des Arbeitskreises &#8222;Geschichte&#8220; seit Jahrzehnten bei dem Erstellen der Inhalte der Jahresschriften &#8222;Use Borger&#8220; dabei. Er fand immer neue Themen die es aufzuarbeiten gab. Er war neben Reinhard Rolfes treibende Kraft bei der Erstellung des Buches &#8222;B\u00f6rger &#8211; Geschichte des H\u00fcmmlingdorfes&#8220;, der B\u00f6rger Chronik, die 2005 anl\u00e4\u00dflich der 1150 Jahr Feier, vom Heimatverein und der Gemeinde aufgelegt wurde. Er war S\u00e4nger beim &#8222;Sankt-Jodocus-Kirchenchor&#8220; und Mitglied bei den Oldtimerfreunden B\u00f6rger sowie der Kolpingfamilie. Er turnte in der Behinderten-Sportgruppe und war langj\u00e4hriges Mitglied im Gemeinderat sowie einige Jahre im Samtgemeinderat. Er war lange Vorsitzender und ist Ehrenvorsitzender des Sportvereines Eintracht B\u00f6rger, dessen Spieler er in der Jungend war. Als Vorsitzender des SV B\u00f6rger und sp\u00e4ter Ehrenrat des Vereins begleitete er den Verein bis in seine letzten Tage. Unz\u00e4hlige wertvolle Ehrungen und Auszeichnungen erhielt der sehr aktive Mitb\u00fcrger im Laufe seiner T\u00e4tigkeit f\u00fcr das Gemeinwohl. Wir verlieren einen tatkr\u00e4ftigen, in vielen Bereichen aktiven Menschen. Unsere Gesellschaft und der Heimatverein sind ihm zu Dank verpflichtet. Ruhe in Frieden &#8211; Jan<\/p>\n<p>Das einzig Wichtige im Leben sind Spuren der Liebe, die wir hinterlassen,<br \/>\nwenn wir ungefragt weggehen und Abschied nehmen m\u00fcssen (Albert Schweitzer).<\/p>\n","protected":false},"excerpt":{"rendered":"<p>04.08.2020 UB &#8211; Im Alter von 85 Jahren entschlief nach kurzer schwerer Krankheit gestern das Ehrenmitglied des Heimatvereines B\u00f6rger Hans Geers, den man auch unter dem Dorfnamen HarrenJan kannte. Der gelernte Landmaschinenschlosser ist in B\u00f6rger geboren und verbrachte seine Jugend- und Kinderjahre w\u00e4hrend und nach dem Krieg auch hier. Danach arbeitete er in seinem Beruf. [&#8230;]<\/p>\n","protected":false},"author":2,"featured_media":0,"comment_status":"closed","ping_status":"open","sticky":false,"template":"","format":"standard","meta":{"ngg_post_thumbnail":0,"footnotes":""},"categories":[3],"tags":[],"class_list":["post-9512","post","type-post","status-publish","format-standard","hentry","category-neuigkeiten","odd"],"_links":{"self":[{"href":"http:\/\/heimatverein.he-webpack.de\/index.php?rest_route=\/wp\/v2\/posts\/9512","targetHints":{"allow":["GET"]}}],"collection":[{"href":"http:\/\/heimatverein.he-webpack.de\/index.php?rest_route=\/wp\/v2\/posts"}],"about":[{"href":"http:\/\/heimatverein.he-webpack.de\/index.php?rest_route=\/wp\/v2\/types\/post"}],"author":[{"embeddable":true,"href":"http:\/\/heimatverein.he-webpack.de\/index.php?rest_route=\/wp\/v2\/users\/2"}],"replies":[{"embeddable":true,"href":"http:\/\/heimatverein.he-webpack.de\/index.php?rest_route=%2Fwp%2Fv2%2Fcomments&post=9512"}],"version-history":[{"count":22,"href":"http:\/\/heimatverein.he-webpack.de\/index.php?rest_route=\/wp\/v2\/posts\/9512\/revisions"}],"predecessor-version":[{"id":9515,"href":"http:\/\/heimatverein.he-webpack.de\/index.php?rest_route=\/wp\/v2\/posts\/9512\/revisions\/9515"}],"wp:attachment":[{"href":"http:\/\/heimatverein.he-webpack.de\/index.php?rest_route=%2Fwp%2Fv2%2Fmedia&parent=9512"}],"wp:term":[{"taxonomy":"category","embeddable":true,"href":"http:\/\/heimatverein.he-webpack.de\/index.php?rest_route=%2Fwp%2Fv2%2Fcategories&post=9512"},{"taxonomy":"post_tag","embeddable":true,"href":"http:\/\/heimatverein.he-webpack.de\/index.php?rest_route=%2Fwp%2Fv2%2Ftags&post=9512"}],"curies":[{"name":"wp","href":"https:\/\/api.w.org\/{rel}","templated":true}]}}