{"id":9277,"date":"2019-12-12T22:03:34","date_gmt":"2019-12-12T21:03:34","guid":{"rendered":"http:\/\/heimatverein.he-webpack.de\/?p=9277"},"modified":"2020-09-20T21:00:53","modified_gmt":"2020-09-20T19:00:53","slug":"plattproaterkaffee-im-heimathaus-eingestellt","status":"publish","type":"post","link":"http:\/\/heimatverein.he-webpack.de\/?p=9277","title":{"rendered":"Plattproaterkaffee im Heimathaus &#8222;vorerst&#8220; eingestellt"},"content":{"rendered":"<p><a href=\"http:\/\/heimatverein.he-webpack.de\/wp-content\/uploads\/2019\/12\/TortenkAnne1200.jpg\" rel=\"lightbox[9277]\"><img loading=\"lazy\" decoding=\"async\" src=\"http:\/\/heimatverein.he-webpack.de\/wp-content\/uploads\/2019\/12\/TortenkAnne1200-200x150.jpg\" alt=\"\" width=\"200\" height=\"150\" class=\"alignright size-thumbnail wp-image-9278\" \/><\/a>12.12.2019 UB &#8211; Am letzten Wochenende, dem 2. Advent, war im Heimathaus B\u00f6rger noch einmal eine B\u00fcffett f\u00fcr das Plattproaterkaffee aufgebaut. Viele Besucher kamen zum vorerst letzten &#8222;Kaffee&#8220;. Seit 6 Jahren bieten Anne und Hermann Schmitz mit weiteren Helfern dieses Event am 2. Sonntag im Monat an. <strong><a href=\"http:\/\/heimatverein.he-webpack.de\/?page_id=7252\">&#8222;Dat Plattproater Kaffee&#8220;<\/a><\/strong>. &#8211; Nun geht es nicht mehr. Trotz vieler Gespr\u00e4che hat sich kein Nachfolger oder Nachfolgerin gefunden. In 2020 wird es vorerst kein Plattproaterkaffee mehr geben. Die Arbeit wurde f\u00fcr die kleine Gruppe zuviel.<\/p>\n<p>Wir bedanken uns bei den vielen lieben Besuchern, die aus nah und fern als G\u00e4ste im Heimathaus waren. Einen besonderen Dank gilt den Tortenb\u00e4ckerinnen und den Helfern im Heimathaus am B\u00fcfett aber auch Heimatvereinsmitglieder die im Hintergrund arbeiteten, oder mit Musik und Gesang unterhielten. <\/p>\n<p><a href=\"http:\/\/heimatverein.he-webpack.de\/wp-content\/uploads\/2019\/12\/Dankesgeschenk1200.jpg\" rel=\"lightbox[9277]\"><img loading=\"lazy\" decoding=\"async\" src=\"http:\/\/heimatverein.he-webpack.de\/wp-content\/uploads\/2019\/12\/Dankesgeschenk1200-200x150.jpg\" alt=\"\" width=\"200\" height=\"150\" class=\"alignleft size-thumbnail wp-image-9351\" \/><\/a>Diese Veranstaltung hat den Heimatverein B\u00f6rger e.V. und unser Heimathaus weit \u00fcber die Grenzen B\u00f6rgers bekannt gemacht und das &#8222;Plattproaterkaffee&#8220; war beliebt. Es ist schade, das es nun nicht weitergeht. (Foto: LUB 2017)<\/p>\n<p>Der Heimatverein bedankt sich besonders bei Anne und Hermann Schmitz f\u00fcr den langj\u00e4hrigen Dienst f\u00fcr den Heimatverein B\u00f6rger. &#8211; Nachtrag: Auf dem Jahresempfang des Heimatverein B\u00f6rger am 05. Jan. 2020 in Anwesenheit von Vorstand, Ehrenmitgliedern, Ratsmitglieder und Vertretern der Arbeitsgruppen und G\u00e4ste, \u00fcberreichte der 2. Vorsitzende Hermann Eilers, Hermann und Anne Schmitz ein kleines Pr\u00e4sent f\u00fcr die langj\u00e4hrige Arbeit f\u00fcr den Verein und die Gemeinde B\u00f6rger. Er brachte zum Ausdruck, das man das Engagement der Beiden, die ganzen Jahre \u00fcber, nicht entlohnen k\u00f6nne und das Pr\u00e4sent nur eine kleine Aufmerksamkeit darstelle. (Foto: UB)<\/p>\n","protected":false},"excerpt":{"rendered":"<p>12.12.2019 UB &#8211; Am letzten Wochenende, dem 2. Advent, war im Heimathaus B\u00f6rger noch einmal eine B\u00fcffett f\u00fcr das Plattproaterkaffee aufgebaut. Viele Besucher kamen zum vorerst letzten &#8222;Kaffee&#8220;. Seit 6 Jahren bieten Anne und Hermann Schmitz mit weiteren Helfern dieses Event am 2. Sonntag im Monat an. &#8222;Dat Plattproater Kaffee&#8220;. &#8211; Nun geht es nicht [&#8230;]<\/p>\n","protected":false},"author":2,"featured_media":0,"comment_status":"closed","ping_status":"open","sticky":false,"template":"","format":"standard","meta":{"ngg_post_thumbnail":0,"footnotes":""},"categories":[3],"tags":[],"class_list":["post-9277","post","type-post","status-publish","format-standard","hentry","category-neuigkeiten","odd"],"_links":{"self":[{"href":"http:\/\/heimatverein.he-webpack.de\/index.php?rest_route=\/wp\/v2\/posts\/9277","targetHints":{"allow":["GET"]}}],"collection":[{"href":"http:\/\/heimatverein.he-webpack.de\/index.php?rest_route=\/wp\/v2\/posts"}],"about":[{"href":"http:\/\/heimatverein.he-webpack.de\/index.php?rest_route=\/wp\/v2\/types\/post"}],"author":[{"embeddable":true,"href":"http:\/\/heimatverein.he-webpack.de\/index.php?rest_route=\/wp\/v2\/users\/2"}],"replies":[{"embeddable":true,"href":"http:\/\/heimatverein.he-webpack.de\/index.php?rest_route=%2Fwp%2Fv2%2Fcomments&post=9277"}],"version-history":[{"count":22,"href":"http:\/\/heimatverein.he-webpack.de\/index.php?rest_route=\/wp\/v2\/posts\/9277\/revisions"}],"predecessor-version":[{"id":9280,"href":"http:\/\/heimatverein.he-webpack.de\/index.php?rest_route=\/wp\/v2\/posts\/9277\/revisions\/9280"}],"wp:attachment":[{"href":"http:\/\/heimatverein.he-webpack.de\/index.php?rest_route=%2Fwp%2Fv2%2Fmedia&parent=9277"}],"wp:term":[{"taxonomy":"category","embeddable":true,"href":"http:\/\/heimatverein.he-webpack.de\/index.php?rest_route=%2Fwp%2Fv2%2Fcategories&post=9277"},{"taxonomy":"post_tag","embeddable":true,"href":"http:\/\/heimatverein.he-webpack.de\/index.php?rest_route=%2Fwp%2Fv2%2Ftags&post=9277"}],"curies":[{"name":"wp","href":"https:\/\/api.w.org\/{rel}","templated":true}]}}