{"id":9245,"date":"2019-12-04T09:31:21","date_gmt":"2019-12-04T08:31:21","guid":{"rendered":"http:\/\/heimatverein.he-webpack.de\/?p=9245"},"modified":"2019-12-12T22:17:27","modified_gmt":"2019-12-12T21:17:27","slug":"landrat-marc-andre-burgdorf-zu-gast-in-boerger","status":"publish","type":"post","link":"http:\/\/heimatverein.he-webpack.de\/?p=9245","title":{"rendered":"Landrat Marc Andre Burgdorf zu Gast in B\u00f6rger"},"content":{"rendered":"<p><div id=\"attachment_9258\" style=\"width: 210px\" class=\"wp-caption alignleft\"><a href=\"http:\/\/heimatverein.he-webpack.de\/wp-content\/uploads\/2019\/12\/CDU-mit-Burgdorf1200-1.jpg\" rel=\"lightbox[9245]\"><img loading=\"lazy\" decoding=\"async\" aria-describedby=\"caption-attachment-9258\" src=\"http:\/\/heimatverein.he-webpack.de\/wp-content\/uploads\/2019\/12\/CDU-mit-Burgdorf1200-1-200x150.jpg\" alt=\"\" width=\"200\" height=\"150\" class=\"size-thumbnail wp-image-9258\" \/><\/a><p id=\"caption-attachment-9258\" class=\"wp-caption-text\">Andreas Jansen CDU B\u00f6rger (li.), CDU ASD-H\u00fcmmling G\u00fcnter Wigbers und Landrat Marc Andre Burgdorf (re.) Foto: UB<\/p><\/div>04.12.2019 UB &#8211; Auf Einladung der CDU B\u00f6rger besuchte der neue Landrat des Landkreises Emsland Marc Andre` Burgdorf vorgestern die CDU B\u00f6rger anl\u00e4\u00dflich einer B\u00fcrgerversammlung. Diesen, durch dem Landrat im letzten Jahr in Aussicht gestellten Besuch, wurde nun nach der Amts\u00fcbernahme als Landrat nachgeholt. Es sei, so berichtete Burgdorf: &#8222;sein erster Termin ausserhalb des Kreishauses als Landrat&#8220;.<br \/>\nMit eingeladen war der Kreisvorsitzende der CDU-Kreisverband ASD, G\u00fcnter Wigbers und Vertreter der CDU Ortsverb\u00e4nde der SG. Im gut besetzten Heimathaus B\u00f6rger berichteten Landrat Burgdorf und Bgm. Wigbers in Kurzvortr\u00e4gen \u00fcber ihre Politik unter dem Moto: &#8222;St\u00e4rkung des l\u00e4ndlichen Raumes&#8220;. Viele gute Ideen gelte es umzusetzten so Marc Andre`Burgdorf. Und auch das Ehrenamt sei in den Orten zu st\u00e4rken. Dabei soll die B\u00fcrokratie wo es m\u00f6glich ist, gestutzt werden. Der CDU Kreisvorsitzende und Bgm. der SG S\u00f6gel versprach, auf die Entwicklung und dem Wohlergehen der Gemeinden, (auch der Mitgliedsgemeinden der Samtgemeinde) zu achten. Man habe in den abgelaufenden Monaten &#8222;Einiges&#8220; erreichen k\u00f6nnen, werde aber weiter f\u00fcr die &#8222;St\u00e4rkung der Mitgliedsgemeinden in der SG&#8220; arbeiten.<br \/>\nDas Verh\u00e4ltnis zwischen der Gemeinde B\u00f6rger, der SG und dem Landkreis Emsland soll verbessert werden. Da war man sich einig. Bei einer anschlie\u00dfenden Diskussionsrunde wurden gezielt Probleme angesprochen und der Landrat nahm einige Vorschl\u00e4ge zur Umsetzung aus B\u00f6rger mit nach Meppen ins Kreishaus.<\/p>\n","protected":false},"excerpt":{"rendered":"<p><p id=\"caption-attachment-9258\" class=\"wp-caption-text\">Andreas Jansen CDU B\u00f6rger (li.), CDU ASD-H\u00fcmmling G\u00fcnter Wigbers und Landrat Marc Andre Burgdorf (re.) Foto: UB<\/p>\n<p>04.12.2019 UB &#8211; Auf Einladung der CDU B\u00f6rger besuchte der neue Landrat des Landkreises Emsland Marc Andre` Burgdorf vorgestern die CDU B\u00f6rger anl\u00e4\u00dflich einer B\u00fcrgerversammlung. Diesen, durch dem Landrat im letzten Jahr in Aussicht gestellten Besuch, wurde [&#8230;]<\/p>\n","protected":false},"author":2,"featured_media":0,"comment_status":"closed","ping_status":"open","sticky":false,"template":"","format":"standard","meta":{"ngg_post_thumbnail":0,"footnotes":""},"categories":[3],"tags":[],"class_list":["post-9245","post","type-post","status-publish","format-standard","hentry","category-neuigkeiten","odd"],"_links":{"self":[{"href":"http:\/\/heimatverein.he-webpack.de\/index.php?rest_route=\/wp\/v2\/posts\/9245","targetHints":{"allow":["GET"]}}],"collection":[{"href":"http:\/\/heimatverein.he-webpack.de\/index.php?rest_route=\/wp\/v2\/posts"}],"about":[{"href":"http:\/\/heimatverein.he-webpack.de\/index.php?rest_route=\/wp\/v2\/types\/post"}],"author":[{"embeddable":true,"href":"http:\/\/heimatverein.he-webpack.de\/index.php?rest_route=\/wp\/v2\/users\/2"}],"replies":[{"embeddable":true,"href":"http:\/\/heimatverein.he-webpack.de\/index.php?rest_route=%2Fwp%2Fv2%2Fcomments&post=9245"}],"version-history":[{"count":18,"href":"http:\/\/heimatverein.he-webpack.de\/index.php?rest_route=\/wp\/v2\/posts\/9245\/revisions"}],"predecessor-version":[{"id":9248,"href":"http:\/\/heimatverein.he-webpack.de\/index.php?rest_route=\/wp\/v2\/posts\/9245\/revisions\/9248"}],"wp:attachment":[{"href":"http:\/\/heimatverein.he-webpack.de\/index.php?rest_route=%2Fwp%2Fv2%2Fmedia&parent=9245"}],"wp:term":[{"taxonomy":"category","embeddable":true,"href":"http:\/\/heimatverein.he-webpack.de\/index.php?rest_route=%2Fwp%2Fv2%2Fcategories&post=9245"},{"taxonomy":"post_tag","embeddable":true,"href":"http:\/\/heimatverein.he-webpack.de\/index.php?rest_route=%2Fwp%2Fv2%2Ftags&post=9245"}],"curies":[{"name":"wp","href":"https:\/\/api.w.org\/{rel}","templated":true}]}}