{"id":9228,"date":"2019-12-01T20:41:58","date_gmt":"2019-12-01T19:41:58","guid":{"rendered":"http:\/\/heimatverein.he-webpack.de\/?p=9228"},"modified":"2019-12-07T10:37:04","modified_gmt":"2019-12-07T09:37:04","slug":"use-borger-2019-ist-auf-dem-markt","status":"publish","type":"post","link":"http:\/\/heimatverein.he-webpack.de\/?p=9228","title":{"rendered":"Use Borger 2019 ist auf dem Markt"},"content":{"rendered":"<p><a href=\"http:\/\/heimatverein.he-webpack.de\/wp-content\/uploads\/2019\/12\/FotoUB-Buchvorstellg.jpg\" rel=\"lightbox[9228]\"><img loading=\"lazy\" decoding=\"async\" src=\"http:\/\/heimatverein.he-webpack.de\/wp-content\/uploads\/2019\/12\/FotoUB-Buchvorstellg-200x150.jpg\" alt=\"\" width=\"200\" height=\"150\" class=\"alignright size-thumbnail wp-image-9271\" \/><\/a>01.12.2019 UB &#8211; Nach einem schmackhaften Gr\u00fcnkohlessen stellten Bernd Gebkenjans und Herm. Ubbenjans gestern abend im Heimathaus die neue, 29. Jahresschrift des Arbeitskreises Geschichte des Heimatverein B\u00f6rger e.V., vor. Die ersten Exemplare gingen an Pastor Santel und Pastor Vo\u00df. Doch zuvor gab es eine musikalische Einstimmung von Alfons Kleine, der im weihnachtlich geschm\u00fccktem Haus auf die Adventszeit einstimmte. Gefertigt wurde diese Jahrb\u00fccher wieder bei der Druckerei Goldschmidt in Werlte.<br \/>\nHauptthemen dieser Ausgabe sind Berichte aus den Vereinen \u00fcber Aktionen unter dem Titel <strong>&#8222;feste Feste feiern&#8220;<\/strong>, sowie die Aufarbeitung des <strong>Status Animarum von 1748<\/strong>, eine Auflistung der B\u00f6rger Familien mit Alter und Wohnst\u00e4tten, zum Zwecke der Familienforschung. Des Weiteren berichtet man \u00fcber den <strong>Musiker Lukas Jansen gen. Spillmanns Luks<\/strong>. Im zweiten Teil gibt es Berichte aus dem laufenden, zu Ende gehenden Jahr. Die B\u00fccher sind bei den bekannten Verkaufstellen (Lebensmittelmarkt Funke, Volksbank, OLB, Fris\u00f6r Gerdes und Hobbyscheune Ermes und Buchhandel L\u00fcbs in S\u00f6gel) f\u00fcr 20 Euro zu bekommen.<br \/>\nDie anwesenden Autoren und Lektoren &#8211; Leni Korte (4.v.li.), Hermann Plaggenborg (5.v.li.), Sabine Ameln (mittig), Bernd Gebkenjans (5.v.re.), Christian Sievers (4.v.re.), Hermann T\u00f6bben (3.v.re.), Hans Geers (2.v.re.) und Hermann Ubbenjans (re.) &#8211; stellten sich mit Pastor Santel (3.v.li.), Pastor Vo\u00df (2.v.li.) und dem Vereinsvorsitzenden Herm. Schmitz (li.) zu einem Foto zusammen. Foto: Gerd T\u00f6bben<\/p>\n","protected":false},"excerpt":{"rendered":"<p>01.12.2019 UB &#8211; Nach einem schmackhaften Gr\u00fcnkohlessen stellten Bernd Gebkenjans und Herm. Ubbenjans gestern abend im Heimathaus die neue, 29. Jahresschrift des Arbeitskreises Geschichte des Heimatverein B\u00f6rger e.V., vor. Die ersten Exemplare gingen an Pastor Santel und Pastor Vo\u00df. Doch zuvor gab es eine musikalische Einstimmung von Alfons Kleine, der im weihnachtlich geschm\u00fccktem Haus auf [&#8230;]<\/p>\n","protected":false},"author":2,"featured_media":0,"comment_status":"closed","ping_status":"open","sticky":false,"template":"","format":"standard","meta":{"ngg_post_thumbnail":0,"footnotes":""},"categories":[3],"tags":[],"class_list":["post-9228","post","type-post","status-publish","format-standard","hentry","category-neuigkeiten","odd"],"_links":{"self":[{"href":"http:\/\/heimatverein.he-webpack.de\/index.php?rest_route=\/wp\/v2\/posts\/9228","targetHints":{"allow":["GET"]}}],"collection":[{"href":"http:\/\/heimatverein.he-webpack.de\/index.php?rest_route=\/wp\/v2\/posts"}],"about":[{"href":"http:\/\/heimatverein.he-webpack.de\/index.php?rest_route=\/wp\/v2\/types\/post"}],"author":[{"embeddable":true,"href":"http:\/\/heimatverein.he-webpack.de\/index.php?rest_route=\/wp\/v2\/users\/2"}],"replies":[{"embeddable":true,"href":"http:\/\/heimatverein.he-webpack.de\/index.php?rest_route=%2Fwp%2Fv2%2Fcomments&post=9228"}],"version-history":[{"count":20,"href":"http:\/\/heimatverein.he-webpack.de\/index.php?rest_route=\/wp\/v2\/posts\/9228\/revisions"}],"predecessor-version":[{"id":9231,"href":"http:\/\/heimatverein.he-webpack.de\/index.php?rest_route=\/wp\/v2\/posts\/9228\/revisions\/9231"}],"wp:attachment":[{"href":"http:\/\/heimatverein.he-webpack.de\/index.php?rest_route=%2Fwp%2Fv2%2Fmedia&parent=9228"}],"wp:term":[{"taxonomy":"category","embeddable":true,"href":"http:\/\/heimatverein.he-webpack.de\/index.php?rest_route=%2Fwp%2Fv2%2Fcategories&post=9228"},{"taxonomy":"post_tag","embeddable":true,"href":"http:\/\/heimatverein.he-webpack.de\/index.php?rest_route=%2Fwp%2Fv2%2Ftags&post=9228"}],"curies":[{"name":"wp","href":"https:\/\/api.w.org\/{rel}","templated":true}]}}