{"id":9156,"date":"2019-10-30T23:27:57","date_gmt":"2019-10-30T22:27:57","guid":{"rendered":"http:\/\/heimatverein.he-webpack.de\/?p=9156"},"modified":"2019-10-31T00:15:21","modified_gmt":"2019-10-30T23:15:21","slug":"buecher-und-familienforschungsboerse","status":"publish","type":"post","link":"http:\/\/heimatverein.he-webpack.de\/?p=9156","title":{"rendered":"B\u00fccher- und Familienforschungsb\u00f6rse"},"content":{"rendered":"<p><a href=\"http:\/\/heimatverein.he-webpack.de\/wp-content\/uploads\/2019\/10\/Familienforschung-Zehntscheune.jpg\" rel=\"lightbox[9156]\"><img loading=\"lazy\" decoding=\"async\" src=\"http:\/\/heimatverein.he-webpack.de\/wp-content\/uploads\/2019\/10\/Familienforschung-Zehntscheune-200x150.jpg\" alt=\"\" width=\"200\" height=\"150\" class=\"alignright size-thumbnail wp-image-9157\" \/><\/a>30.10.2019 UB &#8211; Am Freitag den 25. Okt. 2019 trafen sich nachmittags in der Halle 4 der Markt- und Messehallen in Lingen Mitglieder der Arbeitskreise &#8222;Familienforschung&#8220; des EHB und Anbieter von Heimatliteratur. Dr. Ludwig Remling, Vorsitzender des AK Familienforschung der Emsl\u00e4ndischen Landschaft begr\u00fc\u00dfte die anwesenden Aussteller. An diesem Nachmittag wurden die neuesten B\u00fccher und viele Altbest\u00e4nde angeboten und wechselten den Besitzer. Informationen wurden ausgetauscht. Mit von der Partie waren die Heimatvereine aus Papenburg, Lingen, Sch\u00fcttorf, Bentheim, Nordhorn, Hasel\u00fcnne-Lohe, Lorup und B\u00f6rger. Dann war der Arbeitskreis der Familie &#8222;Deitering &#8211; Lohne&#8220; und die Arbeitsgruppen Familienforschung des EHB und viele andere Gruppen, Fachleute und auch weitere private Anbieter mit dabei. Wir hatten mit den Freunden vom Heimatring Lorup einen gemeinsamen Stand. Neben dem Fachleuten aus den Gruppen begr\u00fc\u00dfte man G\u00e4ste, die sich hier \u00fcber ihre eigenen &#8222;Stammb\u00e4ume&#8220; oder f\u00fcr &#8222;Fachb\u00fccher&#8220; interessierten. Es gab einen regen Austausch. Wir vom Heimatverein B\u00f6rger haben bei vielen Gespr\u00e4chen Infos bekommen, und wir konnten Fragen beantworten, Hinweise geben und B\u00fccher verkaufen. Es war f\u00fcr uns eine wertvolle und informative Veranstaltung. Mit von der Partie waren vom Heimatverein B\u00f6rger Tanja Grote, Hermann T\u00f6bben (re.) und Hermann Ubbenjans. (Foto: Stefan Sievers HV)<\/p>\n","protected":false},"excerpt":{"rendered":"<p>30.10.2019 UB &#8211; Am Freitag den 25. Okt. 2019 trafen sich nachmittags in der Halle 4 der Markt- und Messehallen in Lingen Mitglieder der Arbeitskreise &#8222;Familienforschung&#8220; des EHB und Anbieter von Heimatliteratur. Dr. Ludwig Remling, Vorsitzender des AK Familienforschung der Emsl\u00e4ndischen Landschaft begr\u00fc\u00dfte die anwesenden Aussteller. An diesem Nachmittag wurden die neuesten B\u00fccher und viele [&#8230;]<\/p>\n","protected":false},"author":2,"featured_media":0,"comment_status":"closed","ping_status":"open","sticky":false,"template":"","format":"standard","meta":{"ngg_post_thumbnail":0,"footnotes":""},"categories":[3],"tags":[],"class_list":["post-9156","post","type-post","status-publish","format-standard","hentry","category-neuigkeiten","odd"],"_links":{"self":[{"href":"http:\/\/heimatverein.he-webpack.de\/index.php?rest_route=\/wp\/v2\/posts\/9156","targetHints":{"allow":["GET"]}}],"collection":[{"href":"http:\/\/heimatverein.he-webpack.de\/index.php?rest_route=\/wp\/v2\/posts"}],"about":[{"href":"http:\/\/heimatverein.he-webpack.de\/index.php?rest_route=\/wp\/v2\/types\/post"}],"author":[{"embeddable":true,"href":"http:\/\/heimatverein.he-webpack.de\/index.php?rest_route=\/wp\/v2\/users\/2"}],"replies":[{"embeddable":true,"href":"http:\/\/heimatverein.he-webpack.de\/index.php?rest_route=%2Fwp%2Fv2%2Fcomments&post=9156"}],"version-history":[{"count":8,"href":"http:\/\/heimatverein.he-webpack.de\/index.php?rest_route=\/wp\/v2\/posts\/9156\/revisions"}],"predecessor-version":[{"id":9166,"href":"http:\/\/heimatverein.he-webpack.de\/index.php?rest_route=\/wp\/v2\/posts\/9156\/revisions\/9166"}],"wp:attachment":[{"href":"http:\/\/heimatverein.he-webpack.de\/index.php?rest_route=%2Fwp%2Fv2%2Fmedia&parent=9156"}],"wp:term":[{"taxonomy":"category","embeddable":true,"href":"http:\/\/heimatverein.he-webpack.de\/index.php?rest_route=%2Fwp%2Fv2%2Fcategories&post=9156"},{"taxonomy":"post_tag","embeddable":true,"href":"http:\/\/heimatverein.he-webpack.de\/index.php?rest_route=%2Fwp%2Fv2%2Ftags&post=9156"}],"curies":[{"name":"wp","href":"https:\/\/api.w.org\/{rel}","templated":true}]}}