{"id":9092,"date":"2019-10-06T23:29:20","date_gmt":"2019-10-06T21:29:20","guid":{"rendered":"http:\/\/heimatverein.he-webpack.de\/?p=9092"},"modified":"2019-10-09T19:54:08","modified_gmt":"2019-10-09T17:54:08","slug":"kaermse-2019","status":"publish","type":"post","link":"http:\/\/heimatverein.he-webpack.de\/?p=9092","title":{"rendered":"Kaermse 2019"},"content":{"rendered":"<p><a href=\"http:\/\/heimatverein.he-webpack.de\/wp-content\/uploads\/2019\/10\/Kollage-1200-Kaermse-2019.jpg\" rel=\"lightbox[9092]\"><img loading=\"lazy\" decoding=\"async\" src=\"http:\/\/heimatverein.he-webpack.de\/wp-content\/uploads\/2019\/10\/Kollage-1200-Kaermse-2019-200x150.jpg\" alt=\"\" width=\"200\" height=\"150\" class=\"alignright size-thumbnail wp-image-9107\" \/><\/a>06.10.2019 UB &#8211; Am ersten Wochenende im Oktober ist in B\u00f6rger Erntedank und Kaermse. Auch in diesem Jahr wieder. Nach einer klasse Klassic-Rock-Nacht von Samstag auf Sonntag mit der Gruppe SWAMP und ca. 500 G\u00e4sten ging es am Sonntag mit einem Erntewagenkorso um 14.00 Uhr durch den Ort zum Festplatz. Mit dabei waren die H\u00fcmmlinger Musikanten und der Musikverein Werpeloh. Neben Erntewagen waren Fu\u00dfgruppen von der DJK Eintracht, der Grundschule, dem Speelhus und Vereinen mit von der Partie. Begleitet und gef\u00fchrt wurde der Zug von der Feuerwehr B\u00f6rger. Auf dem Festplatz gab es ein Platzkonzert der Musikgruppen. F\u00fcr die Senioren des Ortes war eine Kaffeetafel organisiert. Die Kolpingfamilie \u00fcbernahm die Bewirtung in diesem Jahr.<br \/>\n<a href=\"http:\/\/heimatverein.he-webpack.de\/wp-content\/uploads\/2019\/10\/Erntewagen-LineDancer1200.jpg\" rel=\"lightbox[9092]\"><img loading=\"lazy\" decoding=\"async\" src=\"http:\/\/heimatverein.he-webpack.de\/wp-content\/uploads\/2019\/10\/Erntewagen-LineDancer1200-200x150.jpg\" alt=\"\" width=\"200\" height=\"150\" class=\"alignleft size-thumbnail wp-image-9102\" \/><\/a><br \/>\nAm sp\u00e4ten Sonntagnachmittag wurde die Pr\u00e4mierung der Festwagen vorgenommen. Der Bienenwagen der Aerobic-Gruppe des Sportverein hatte den sch\u00f6nsten Wagen, so entschied eine Auswahl von B\u00f6rger B\u00fcrgern. Dann erfolgte die Ehrung der \u00e4ltesten anwesenden Senioren. Es sind Gebina Sch\u00fcrmann und Wilhelm B\u00f6hm aus B\u00f6rger. Danach ehrte der Rat der Gemeinde die Person die f\u00fcr die Gemeinheit besonders eingesetzt hat. Diese Ehrung erhielt in diesem Jahr Alfons Kleine, der schon 50 Jahre in verschiedenen Funktionen in der Gemeinde ehrenamtlich f\u00fcr uns t\u00e4tig war und ist. Bgm. J\u00fcrgen Ermers, Klaus Fleer, Andreas Jansen und Ulrich W\u00f6ste nahmen f\u00fcr den Rat die Ehrungen vor. Morgen ist Viehmarkt, da trifft sich ganz B\u00f6rger zum verl\u00e4ngerten Fr\u00fchschoppen auf dem Nationalfeiertag. (Fotos u Collage: Herm. Ubbenjans)<\/p>\n","protected":false},"excerpt":{"rendered":"<p>06.10.2019 UB &#8211; Am ersten Wochenende im Oktober ist in B\u00f6rger Erntedank und Kaermse. Auch in diesem Jahr wieder. Nach einer klasse Klassic-Rock-Nacht von Samstag auf Sonntag mit der Gruppe SWAMP und ca. 500 G\u00e4sten ging es am Sonntag mit einem Erntewagenkorso um 14.00 Uhr durch den Ort zum Festplatz. Mit dabei waren die H\u00fcmmlinger [&#8230;]<\/p>\n","protected":false},"author":2,"featured_media":0,"comment_status":"closed","ping_status":"open","sticky":false,"template":"","format":"standard","meta":{"ngg_post_thumbnail":0,"footnotes":""},"categories":[3],"tags":[],"class_list":["post-9092","post","type-post","status-publish","format-standard","hentry","category-neuigkeiten","odd"],"_links":{"self":[{"href":"http:\/\/heimatverein.he-webpack.de\/index.php?rest_route=\/wp\/v2\/posts\/9092","targetHints":{"allow":["GET"]}}],"collection":[{"href":"http:\/\/heimatverein.he-webpack.de\/index.php?rest_route=\/wp\/v2\/posts"}],"about":[{"href":"http:\/\/heimatverein.he-webpack.de\/index.php?rest_route=\/wp\/v2\/types\/post"}],"author":[{"embeddable":true,"href":"http:\/\/heimatverein.he-webpack.de\/index.php?rest_route=\/wp\/v2\/users\/2"}],"replies":[{"embeddable":true,"href":"http:\/\/heimatverein.he-webpack.de\/index.php?rest_route=%2Fwp%2Fv2%2Fcomments&post=9092"}],"version-history":[{"count":14,"href":"http:\/\/heimatverein.he-webpack.de\/index.php?rest_route=\/wp\/v2\/posts\/9092\/revisions"}],"predecessor-version":[{"id":9095,"href":"http:\/\/heimatverein.he-webpack.de\/index.php?rest_route=\/wp\/v2\/posts\/9092\/revisions\/9095"}],"wp:attachment":[{"href":"http:\/\/heimatverein.he-webpack.de\/index.php?rest_route=%2Fwp%2Fv2%2Fmedia&parent=9092"}],"wp:term":[{"taxonomy":"category","embeddable":true,"href":"http:\/\/heimatverein.he-webpack.de\/index.php?rest_route=%2Fwp%2Fv2%2Fcategories&post=9092"},{"taxonomy":"post_tag","embeddable":true,"href":"http:\/\/heimatverein.he-webpack.de\/index.php?rest_route=%2Fwp%2Fv2%2Ftags&post=9092"}],"curies":[{"name":"wp","href":"https:\/\/api.w.org\/{rel}","templated":true}]}}