{"id":9033,"date":"2019-09-19T00:22:54","date_gmt":"2019-09-18T22:22:54","guid":{"rendered":"http:\/\/heimatverein.he-webpack.de\/?p=9033"},"modified":"2019-09-25T01:39:47","modified_gmt":"2019-09-24T23:39:47","slug":"use-borger-2019-2","status":"publish","type":"post","link":"http:\/\/heimatverein.he-webpack.de\/?p=9033","title":{"rendered":"Use Borger 2019"},"content":{"rendered":"<p><a href=\"http:\/\/heimatverein.he-webpack.de\/wp-content\/uploads\/2019\/09\/Plattproater-Kaffee-G\u00e4ste.jpg\"><img loading=\"lazy\" decoding=\"async\" src=\"http:\/\/heimatverein.he-webpack.de\/wp-content\/uploads\/2019\/09\/Plattproater-Kaffee-G\u00e4ste-200x150.jpg\" alt=\"\" width=\"200\" height=\"150\" class=\"alignright size-thumbnail wp-image-9037\" \/><\/a>19.09.19 UB &#8211; Auch in diesem Jahr werden wir wieder eine Jahresschrift herausbringen. Das haben wir heute beschlossen. Schon im Fr\u00fchjahr waren alle Vereine angeschrieben worden, sich um das Thema &#8222;Bericht aus den Vereinen, Feiern im Verein, Feiern in der Gruppe&#8220; Gedanken zu machen und Texte einzureichen. Dieses haben viele Vereine und Gruppen gemacht. Daf\u00fcr hier einmal von Bernd Gebkenjans &#8222;Herzlichen Dank&#8220;. Des Weiteren haben wir alte, sehr interessante Fotos (noch aus dem Reichling Archiv und Weitere), Gegebenheiten und Gedichte zur Ver\u00f6ffentlichung, im Vorrat. Dann gibt es noch eine lange brach liegende Info aus dem Bereich &#8222;Beitr\u00e4ge aus der Geschichte&#8220; die wir evtl. ver\u00f6ffentlichen. <\/p>\n<p>F\u00fcr die n\u00e4chsten Jahre ben\u00f6tigen wir neue Akteure. Themen aus der Geschichte gibt es gen\u00fcgend. Mitstreiter, die vorhandene und neue Themen aufarbeiten, jedoch immer weniger. Helft uns, damit die Schrift auch weiterhin j\u00e4hrlich herauskommt. Bringt neue Ideen ein!<\/p>\n<p>Viele Veranstaltungen gab es wieder im vergangenen Jahr und dank vieler Helfer und guten Kontakten zur EZ k\u00f6nnen wir das Jahr wieder Revue passieren lassen. Aktuelle Ereignisse aus der Gemeinde und dem Verein kommen dazu. Seit gespannt auf die 29. Ausgabe USE BORGER des Heimatverein B\u00f6rger e. V.. (Foto: UB &#8211; Plattproatercafeimpressionen 2018)<\/p>\n","protected":false},"excerpt":{"rendered":"<p>19.09.19 UB &#8211; Auch in diesem Jahr werden wir wieder eine Jahresschrift herausbringen. Das haben wir heute beschlossen. Schon im Fr\u00fchjahr waren alle Vereine angeschrieben worden, sich um das Thema &#8222;Bericht aus den Vereinen, Feiern im Verein, Feiern in der Gruppe&#8220; Gedanken zu machen und Texte einzureichen. Dieses haben viele Vereine und Gruppen gemacht. Daf\u00fcr [&#8230;]<\/p>\n","protected":false},"author":2,"featured_media":0,"comment_status":"closed","ping_status":"open","sticky":false,"template":"","format":"standard","meta":{"ngg_post_thumbnail":0,"footnotes":""},"categories":[3],"tags":[],"class_list":["post-9033","post","type-post","status-publish","format-standard","hentry","category-neuigkeiten","odd"],"_links":{"self":[{"href":"http:\/\/heimatverein.he-webpack.de\/index.php?rest_route=\/wp\/v2\/posts\/9033","targetHints":{"allow":["GET"]}}],"collection":[{"href":"http:\/\/heimatverein.he-webpack.de\/index.php?rest_route=\/wp\/v2\/posts"}],"about":[{"href":"http:\/\/heimatverein.he-webpack.de\/index.php?rest_route=\/wp\/v2\/types\/post"}],"author":[{"embeddable":true,"href":"http:\/\/heimatverein.he-webpack.de\/index.php?rest_route=\/wp\/v2\/users\/2"}],"replies":[{"embeddable":true,"href":"http:\/\/heimatverein.he-webpack.de\/index.php?rest_route=%2Fwp%2Fv2%2Fcomments&post=9033"}],"version-history":[{"count":12,"href":"http:\/\/heimatverein.he-webpack.de\/index.php?rest_route=\/wp\/v2\/posts\/9033\/revisions"}],"predecessor-version":[{"id":9036,"href":"http:\/\/heimatverein.he-webpack.de\/index.php?rest_route=\/wp\/v2\/posts\/9033\/revisions\/9036"}],"wp:attachment":[{"href":"http:\/\/heimatverein.he-webpack.de\/index.php?rest_route=%2Fwp%2Fv2%2Fmedia&parent=9033"}],"wp:term":[{"taxonomy":"category","embeddable":true,"href":"http:\/\/heimatverein.he-webpack.de\/index.php?rest_route=%2Fwp%2Fv2%2Fcategories&post=9033"},{"taxonomy":"post_tag","embeddable":true,"href":"http:\/\/heimatverein.he-webpack.de\/index.php?rest_route=%2Fwp%2Fv2%2Ftags&post=9033"}],"curies":[{"name":"wp","href":"https:\/\/api.w.org\/{rel}","templated":true}]}}