{"id":9016,"date":"2019-09-18T08:26:15","date_gmt":"2019-09-18T06:26:15","guid":{"rendered":"http:\/\/heimatverein.he-webpack.de\/?p=9016"},"modified":"2019-11-28T00:00:42","modified_gmt":"2019-11-27T23:00:42","slug":"st-jodocus-pfarrfest-2019","status":"publish","type":"post","link":"http:\/\/heimatverein.he-webpack.de\/?p=9016","title":{"rendered":"St. Jodocus Pfarrfest 2019"},"content":{"rendered":"<p><a href=\"http:\/\/heimatverein.he-webpack.de\/wp-content\/uploads\/2019\/09\/Seite-149-Pfarrfest-2019-e1569367521602.jpg\" rel=\"lightbox[9016]\"><img loading=\"lazy\" decoding=\"async\" src=\"http:\/\/heimatverein.he-webpack.de\/wp-content\/uploads\/2019\/09\/Seite-149-Pfarrfest-2019-200x150.jpg\" alt=\"\" width=\"200\" height=\"150\" class=\"alignleft size-thumbnail wp-image-9054\" \/><\/a>17.09.2019 UB &#8211; In diesem Jahr fand am 14\/15. Sept. 2019 wieder ein Pfarrfest zwischen Pfarrgarten und Jugendheim statt. Begonnen wurde mit einem Zeltlagerabend der ZELABO am Samstag anl\u00e4\u00dflich des 30j\u00e4hrigen Bestehens, f\u00fcr die Gemeinde. Beim sp\u00e4ten Lagerfeuer der Gruppe lies man die Zeit Revue passieren und feierte bei Musik, Sketchen und Gesang bis in die Morgenstunden. Am Sonntagmorgen war die Messe unter freiem Himmel mit Pfarrer Karl-Heinz Santel, Pastor Danne und Pater Vijay, Fahnenabordnungen, dem Kirchenchor und den H\u00fcmmlinger Musikanten. Das Thema des Tages war &#8222;Ich bin dabei &#8211; St. Jodocus B\u00f6rger&#8220;. Michael Engbers begr\u00fc\u00dfte nach der Messe die G\u00e4ste in einem gekonnten Vortrag und im Namen aller Akteure. Danach startete das Fest. Viele Gruppen und Vereine hatten St\u00e4nde aufgebaut und zeigten das Leben in den Vereinen und\/oder luden zu Spiel und Spa\u00df ein. Eine gro\u00dfe Ausstellung mit vielen Fotos aus den 30 Jahren hatte die Gruppe des St. Jodoc-Zeltlagers im Pfarrheim aufgebaut. Der Kindergarten Speelhus\/Krippengruppe, die Grundschule und die St\u00e4veldanzer sorgten f\u00fcr Tanz und Unterhaltung. Thorsten und Christian &#8222;die Jansens&#8220; sorgten f\u00fcr musikalische Unterhaltung. Die Feuerwehr, der Sportverein, der Kolping, die Imker, der Heimatverein und viele Gruppen, Vereine sowie Kindergruppen waren dabei. F\u00fcr das leibliche Wohl war gesorgt. Das Wetter spielte mit und man hatte kurzweilige Unterhaltung. Gegen Abend, als das Wetter umschlug und Regen einsetzte, war das St. Jodoc Pfarrfest 2019 mit zufriedenen G\u00e4sten und Akteuren im Abklang. Einen Dank gilt der pastoralen F\u00fchrung, dem Pfarrgemeinderat und dem Kirchenvorstand f\u00fcr diesen sch\u00f6nen Tag. (Foto: Hubert Westerhoff)<\/p>\n","protected":false},"excerpt":{"rendered":"<p>17.09.2019 UB &#8211; In diesem Jahr fand am 14\/15. Sept. 2019 wieder ein Pfarrfest zwischen Pfarrgarten und Jugendheim statt. Begonnen wurde mit einem Zeltlagerabend der ZELABO am Samstag anl\u00e4\u00dflich des 30j\u00e4hrigen Bestehens, f\u00fcr die Gemeinde. Beim sp\u00e4ten Lagerfeuer der Gruppe lies man die Zeit Revue passieren und feierte bei Musik, Sketchen und Gesang bis in [&#8230;]<\/p>\n","protected":false},"author":2,"featured_media":0,"comment_status":"closed","ping_status":"open","sticky":false,"template":"","format":"standard","meta":{"ngg_post_thumbnail":0,"footnotes":""},"categories":[3],"tags":[],"class_list":["post-9016","post","type-post","status-publish","format-standard","hentry","category-neuigkeiten","odd"],"_links":{"self":[{"href":"http:\/\/heimatverein.he-webpack.de\/index.php?rest_route=\/wp\/v2\/posts\/9016","targetHints":{"allow":["GET"]}}],"collection":[{"href":"http:\/\/heimatverein.he-webpack.de\/index.php?rest_route=\/wp\/v2\/posts"}],"about":[{"href":"http:\/\/heimatverein.he-webpack.de\/index.php?rest_route=\/wp\/v2\/types\/post"}],"author":[{"embeddable":true,"href":"http:\/\/heimatverein.he-webpack.de\/index.php?rest_route=\/wp\/v2\/users\/2"}],"replies":[{"embeddable":true,"href":"http:\/\/heimatverein.he-webpack.de\/index.php?rest_route=%2Fwp%2Fv2%2Fcomments&post=9016"}],"version-history":[{"count":19,"href":"http:\/\/heimatverein.he-webpack.de\/index.php?rest_route=\/wp\/v2\/posts\/9016\/revisions"}],"predecessor-version":[{"id":9019,"href":"http:\/\/heimatverein.he-webpack.de\/index.php?rest_route=\/wp\/v2\/posts\/9016\/revisions\/9019"}],"wp:attachment":[{"href":"http:\/\/heimatverein.he-webpack.de\/index.php?rest_route=%2Fwp%2Fv2%2Fmedia&parent=9016"}],"wp:term":[{"taxonomy":"category","embeddable":true,"href":"http:\/\/heimatverein.he-webpack.de\/index.php?rest_route=%2Fwp%2Fv2%2Fcategories&post=9016"},{"taxonomy":"post_tag","embeddable":true,"href":"http:\/\/heimatverein.he-webpack.de\/index.php?rest_route=%2Fwp%2Fv2%2Ftags&post=9016"}],"curies":[{"name":"wp","href":"https:\/\/api.w.org\/{rel}","templated":true}]}}