{"id":8989,"date":"2019-07-29T18:23:26","date_gmt":"2019-07-29T16:23:26","guid":{"rendered":"http:\/\/heimatverein.he-webpack.de\/?p=8989"},"modified":"2019-09-18T09:03:13","modified_gmt":"2019-09-18T07:03:13","slug":"124-schuetzenfest-in-boerger","status":"publish","type":"post","link":"http:\/\/heimatverein.he-webpack.de\/?p=8989","title":{"rendered":"Sch\u00fctzenfest in B\u00f6rger"},"content":{"rendered":"<p><a href=\"http:\/\/heimatverein.he-webpack.de\/wp-content\/uploads\/2019\/07\/K\u00f6nigshaus-Sch\u00fctzenverein1200.jpg\"><img loading=\"lazy\" decoding=\"async\" src=\"http:\/\/heimatverein.he-webpack.de\/wp-content\/uploads\/2019\/07\/K\u00f6nigshaus-Sch\u00fctzenverein1200-200x150.jpg\" alt=\"\" width=\"200\" height=\"150\" class=\"alignright size-thumbnail wp-image-8990\" \/><\/a>29.07.2019 UB &#8211; In B\u00f6rger findet zur Zeit, am 4. Wochenende im Juli, das traditonelle Sch\u00fctzenfest statt. Die Beteiligung der B\u00f6rgeraner ist gut. Das Fest der Feste in B\u00f6rger hat auch in diesem Jahr einen guten Lauf. Das K\u00f6nigspaar Martin und Lena Kossen (Ubben) regierte mit dem Throngefolge das Sch\u00fctzenvolk in der Saison 2018\/2019. Bei einem K\u00f6nigsschie\u00dfen am gestrigen Abend wurde der neue Regent ermittelt. Es ist Valentin Ertus. Zu <a href=\"http:\/\/heimatverein.he-webpack.de\/wp-content\/uploads\/2019\/07\/Sch\u00fctzenfest-2019-1200.jpg\"><img loading=\"lazy\" decoding=\"async\" src=\"http:\/\/heimatverein.he-webpack.de\/wp-content\/uploads\/2019\/07\/Sch\u00fctzenfest-2019-1200-200x150.jpg\" alt=\"\" width=\"200\" height=\"150\" class=\"alignleft size-thumbnail wp-image-8998\" \/><\/a>seiner K\u00f6nigin erkor er seine Ehefrau Svetlana. 13 Paare begleiten das neue B\u00f6rger Sch\u00fctzenk\u00f6nigspaar durch das neue Sch\u00fctzenjahr 2019\/2020. Heute morgen nach der Sch\u00fctzenmesse ging es unter stattlicher Begleitung von Sch\u00fctzen (mit und ohne Uniform), begleitet von den H\u00fcmmlinger Musikanten zum Wohnhaus des neuen K\u00f6nigs, um die Scheibe aufzuh\u00e4ngen. Dort fand der traditionelle Sch\u00fctzenfest &#8211; Fr\u00fchschoppen statt. Um 12.00 Uhr ging es in Marschordnung wieder zur Dorfmitte, zum neuen Gemeindehaus. Hier sammelte sich die B\u00f6rger Sch\u00fctzen zum Festmarsch, der um 14.30 Uhr zum Festplatz startete. Fotos: UB<\/p>\n","protected":false},"excerpt":{"rendered":"<p>29.07.2019 UB &#8211; In B\u00f6rger findet zur Zeit, am 4. Wochenende im Juli, das traditonelle Sch\u00fctzenfest statt. Die Beteiligung der B\u00f6rgeraner ist gut. Das Fest der Feste in B\u00f6rger hat auch in diesem Jahr einen guten Lauf. Das K\u00f6nigspaar Martin und Lena Kossen (Ubben) regierte mit dem Throngefolge das Sch\u00fctzenvolk in der Saison 2018\/2019. Bei [&#8230;]<\/p>\n","protected":false},"author":2,"featured_media":0,"comment_status":"closed","ping_status":"open","sticky":false,"template":"","format":"standard","meta":{"ngg_post_thumbnail":0,"footnotes":""},"categories":[3],"tags":[],"class_list":["post-8989","post","type-post","status-publish","format-standard","hentry","category-neuigkeiten","odd"],"_links":{"self":[{"href":"http:\/\/heimatverein.he-webpack.de\/index.php?rest_route=\/wp\/v2\/posts\/8989","targetHints":{"allow":["GET"]}}],"collection":[{"href":"http:\/\/heimatverein.he-webpack.de\/index.php?rest_route=\/wp\/v2\/posts"}],"about":[{"href":"http:\/\/heimatverein.he-webpack.de\/index.php?rest_route=\/wp\/v2\/types\/post"}],"author":[{"embeddable":true,"href":"http:\/\/heimatverein.he-webpack.de\/index.php?rest_route=\/wp\/v2\/users\/2"}],"replies":[{"embeddable":true,"href":"http:\/\/heimatverein.he-webpack.de\/index.php?rest_route=%2Fwp%2Fv2%2Fcomments&post=8989"}],"version-history":[{"count":14,"href":"http:\/\/heimatverein.he-webpack.de\/index.php?rest_route=\/wp\/v2\/posts\/8989\/revisions"}],"predecessor-version":[{"id":8992,"href":"http:\/\/heimatverein.he-webpack.de\/index.php?rest_route=\/wp\/v2\/posts\/8989\/revisions\/8992"}],"wp:attachment":[{"href":"http:\/\/heimatverein.he-webpack.de\/index.php?rest_route=%2Fwp%2Fv2%2Fmedia&parent=8989"}],"wp:term":[{"taxonomy":"category","embeddable":true,"href":"http:\/\/heimatverein.he-webpack.de\/index.php?rest_route=%2Fwp%2Fv2%2Fcategories&post=8989"},{"taxonomy":"post_tag","embeddable":true,"href":"http:\/\/heimatverein.he-webpack.de\/index.php?rest_route=%2Fwp%2Fv2%2Ftags&post=8989"}],"curies":[{"name":"wp","href":"https:\/\/api.w.org\/{rel}","templated":true}]}}