{"id":8958,"date":"2019-07-18T15:52:37","date_gmt":"2019-07-18T13:52:37","guid":{"rendered":"http:\/\/heimatverein.he-webpack.de\/?p=8958"},"modified":"2019-07-21T10:59:49","modified_gmt":"2019-07-21T08:59:49","slug":"nistkaesten-bauen","status":"publish","type":"post","link":"http:\/\/heimatverein.he-webpack.de\/?p=8958","title":{"rendered":"Nistk\u00e4sten bauen"},"content":{"rendered":"<p><a href=\"http:\/\/heimatverein.he-webpack.de\/wp-content\/uploads\/2019\/07\/Nistk\u00e4sten-bauen.jpg\"><img loading=\"lazy\" decoding=\"async\" src=\"http:\/\/heimatverein.he-webpack.de\/wp-content\/uploads\/2019\/07\/Nistk\u00e4sten-bauen-200x150.jpg\" alt=\"\" width=\"200\" height=\"150\" class=\"alignright size-thumbnail wp-image-8959\" \/><\/a>18.07.2019 UB &#8211; Im Rahmen der Ferienpa\u00dfaktion startete der Heimatverein B\u00f6rger in diesen Sommerferien wieder das beliebte Nistk\u00e4stenbauen. In zwei Gruppen wurde diese Aktion durchgef\u00fchrt. Am vergangenen Dienstag und heute waren die Gruppen am Heimathaus um bei guter Laune unter Anleitung ihre handwerklichen F\u00e4higkeiten mit Hammer und Zange zu beweisen. Das Ergebnis war, so wie in den letzten Jahren auch, &#8222;sehr gut&#8220;. Nach getaner Arbeit gab es noch eine kleine St\u00e4rkung und ungezwungenes Spiele im Eichenbrink. <a href=\"http:\/\/heimatverein.he-webpack.de\/wp-content\/uploads\/2019\/07\/Nistk\u00e4stenbauen2.jpg\"><img loading=\"lazy\" decoding=\"async\" src=\"http:\/\/heimatverein.he-webpack.de\/wp-content\/uploads\/2019\/07\/Nistk\u00e4stenbauen2-200x150.jpg\" alt=\"\" width=\"200\" height=\"150\" class=\"alignleft size-thumbnail wp-image-8964\" \/><\/a>Unser Bild zeigt die zufriedenen Gruppen mit (v.li.) Stefan Sievers, Melanie T\u00f6bben, Hermann Schmitz Werner Schomakers und Hermann Eilers vom Heimatverein B\u00f6rger. Diese Aktion wurde von Rudi und Hermann Schmitz vorbereitet. Wir w\u00fcnschen das die Kinder Unterst\u00fctzung von ihren Eltern und Angeh\u00f6rigen bekommen, soda\u00df die Vogelh\u00e4uschen auch aufgeh\u00e4ngt werden. Unsere Aktion ist auch ein Beitrag zum Naturschutz, um die Fauna zu sch\u00fctzen und zu st\u00e4rken. &#8211; Fotos: HVB\u00f6rger HS u. UB<\/p>\n","protected":false},"excerpt":{"rendered":"<p>18.07.2019 UB &#8211; Im Rahmen der Ferienpa\u00dfaktion startete der Heimatverein B\u00f6rger in diesen Sommerferien wieder das beliebte Nistk\u00e4stenbauen. In zwei Gruppen wurde diese Aktion durchgef\u00fchrt. Am vergangenen Dienstag und heute waren die Gruppen am Heimathaus um bei guter Laune unter Anleitung ihre handwerklichen F\u00e4higkeiten mit Hammer und Zange zu beweisen. Das Ergebnis war, so wie [&#8230;]<\/p>\n","protected":false},"author":2,"featured_media":0,"comment_status":"closed","ping_status":"open","sticky":false,"template":"","format":"standard","meta":{"ngg_post_thumbnail":0,"footnotes":""},"categories":[3],"tags":[],"class_list":["post-8958","post","type-post","status-publish","format-standard","hentry","category-neuigkeiten","odd"],"_links":{"self":[{"href":"http:\/\/heimatverein.he-webpack.de\/index.php?rest_route=\/wp\/v2\/posts\/8958","targetHints":{"allow":["GET"]}}],"collection":[{"href":"http:\/\/heimatverein.he-webpack.de\/index.php?rest_route=\/wp\/v2\/posts"}],"about":[{"href":"http:\/\/heimatverein.he-webpack.de\/index.php?rest_route=\/wp\/v2\/types\/post"}],"author":[{"embeddable":true,"href":"http:\/\/heimatverein.he-webpack.de\/index.php?rest_route=\/wp\/v2\/users\/2"}],"replies":[{"embeddable":true,"href":"http:\/\/heimatverein.he-webpack.de\/index.php?rest_route=%2Fwp%2Fv2%2Fcomments&post=8958"}],"version-history":[{"count":14,"href":"http:\/\/heimatverein.he-webpack.de\/index.php?rest_route=\/wp\/v2\/posts\/8958\/revisions"}],"predecessor-version":[{"id":8961,"href":"http:\/\/heimatverein.he-webpack.de\/index.php?rest_route=\/wp\/v2\/posts\/8958\/revisions\/8961"}],"wp:attachment":[{"href":"http:\/\/heimatverein.he-webpack.de\/index.php?rest_route=%2Fwp%2Fv2%2Fmedia&parent=8958"}],"wp:term":[{"taxonomy":"category","embeddable":true,"href":"http:\/\/heimatverein.he-webpack.de\/index.php?rest_route=%2Fwp%2Fv2%2Fcategories&post=8958"},{"taxonomy":"post_tag","embeddable":true,"href":"http:\/\/heimatverein.he-webpack.de\/index.php?rest_route=%2Fwp%2Fv2%2Ftags&post=8958"}],"curies":[{"name":"wp","href":"https:\/\/api.w.org\/{rel}","templated":true}]}}