{"id":8938,"date":"2019-06-23T09:54:56","date_gmt":"2019-06-23T07:54:56","guid":{"rendered":"http:\/\/heimatverein.he-webpack.de\/?p=8938"},"modified":"2019-06-24T15:26:14","modified_gmt":"2019-06-24T13:26:14","slug":"100-jahre-eintracht-boerger","status":"publish","type":"post","link":"http:\/\/heimatverein.he-webpack.de\/?p=8938","title":{"rendered":"100 Jahre Eintracht B\u00f6rger"},"content":{"rendered":"<p><a href=\"http:\/\/heimatverein.he-webpack.de\/wp-content\/uploads\/2019\/06\/Harrenjan-Ehrung.jpg\" rel=\"lightbox[8938]\"><img loading=\"lazy\" decoding=\"async\" src=\"http:\/\/heimatverein.he-webpack.de\/wp-content\/uploads\/2019\/06\/Harrenjan-Ehrung-200x150.jpg\" alt=\"\" width=\"200\" height=\"150\" class=\"alignleft size-thumbnail wp-image-8939\" \/><\/a>23.06.2019 UB &#8211; Mit einem gro\u00dfen Festkommers mit geladenen G\u00e4sten im Festzelt auf dem Sch\u00fctzenplatz feierte die B\u00f6rger Eintracht ihr Jubil\u00e4um. Viele G\u00e4ste und Ehreng\u00e4ste konnte der Vorstand des Vereins mit dem Vorsitzenden Jan Heinemann, im vollem blau-wei\u00df nach den Farben des Vereins geschm\u00fcckten Festzelt, begr\u00fc\u00dfen. Bei den Gru\u00dfworten vieler Offizieller, wurde deutlich wie sehr der Sportverein DJK Eintracht B\u00f6rger e.V. von 1919 in der B\u00f6rger Gesellschaft verflochten ist und welch \u00fcberragende Bedeutung der SV mit 1000 Mitgliedern in B\u00f6rger und auf dem H\u00fcmmling hat. <\/p>\n<p>Aus Anla\u00df des Jubil\u00e4ums wurde unter Leitung von Hans Geers und Heinz Becker eine Chronik aufgelegt, die dieses aufzeigt und unterstreicht. Dieses 450seitige Buch ist seit gestern auf dem Markt und bei der Volksbank und der OLB in B\u00f6rger, sowie Fris\u00f6r Gerdes und Fris\u00f6r Westendorf, beim VGH B\u00fcro Geers, Tankstelle Sebers und dem Lebensmittelmarkt Nah und Gut Funke f\u00fcr 19,19 \u20ac erh\u00e4ltlich. In Anwesenheit aller B\u00f6rger Gruppen, Vereine und Organisationen wurde Hans Geers f\u00fcr sein Lebenswerk bei der DJK Eintracht vom Vorsitzenden des Kreissportbundes Hermann Wilken mit der goldenen Ehrenadel des Landessportbundes geehrt. Danach ging &#8222;die Post ab&#8220;, es wurde bis in die Morgenstunden gefeiert. Auf dem Bild sind von links: Hans Geers, Hermann Wilken und Jan Heinemann (Foto:HS HV).<\/p>\n","protected":false},"excerpt":{"rendered":"<p>23.06.2019 UB &#8211; Mit einem gro\u00dfen Festkommers mit geladenen G\u00e4sten im Festzelt auf dem Sch\u00fctzenplatz feierte die B\u00f6rger Eintracht ihr Jubil\u00e4um. Viele G\u00e4ste und Ehreng\u00e4ste konnte der Vorstand des Vereins mit dem Vorsitzenden Jan Heinemann, im vollem blau-wei\u00df nach den Farben des Vereins geschm\u00fcckten Festzelt, begr\u00fc\u00dfen. Bei den Gru\u00dfworten vieler Offizieller, wurde deutlich wie sehr [&#8230;]<\/p>\n","protected":false},"author":2,"featured_media":0,"comment_status":"closed","ping_status":"open","sticky":false,"template":"","format":"standard","meta":{"ngg_post_thumbnail":0,"footnotes":""},"categories":[3],"tags":[],"class_list":["post-8938","post","type-post","status-publish","format-standard","hentry","category-neuigkeiten","odd"],"_links":{"self":[{"href":"http:\/\/heimatverein.he-webpack.de\/index.php?rest_route=\/wp\/v2\/posts\/8938","targetHints":{"allow":["GET"]}}],"collection":[{"href":"http:\/\/heimatverein.he-webpack.de\/index.php?rest_route=\/wp\/v2\/posts"}],"about":[{"href":"http:\/\/heimatverein.he-webpack.de\/index.php?rest_route=\/wp\/v2\/types\/post"}],"author":[{"embeddable":true,"href":"http:\/\/heimatverein.he-webpack.de\/index.php?rest_route=\/wp\/v2\/users\/2"}],"replies":[{"embeddable":true,"href":"http:\/\/heimatverein.he-webpack.de\/index.php?rest_route=%2Fwp%2Fv2%2Fcomments&post=8938"}],"version-history":[{"count":14,"href":"http:\/\/heimatverein.he-webpack.de\/index.php?rest_route=\/wp\/v2\/posts\/8938\/revisions"}],"predecessor-version":[{"id":8942,"href":"http:\/\/heimatverein.he-webpack.de\/index.php?rest_route=\/wp\/v2\/posts\/8938\/revisions\/8942"}],"wp:attachment":[{"href":"http:\/\/heimatverein.he-webpack.de\/index.php?rest_route=%2Fwp%2Fv2%2Fmedia&parent=8938"}],"wp:term":[{"taxonomy":"category","embeddable":true,"href":"http:\/\/heimatverein.he-webpack.de\/index.php?rest_route=%2Fwp%2Fv2%2Fcategories&post=8938"},{"taxonomy":"post_tag","embeddable":true,"href":"http:\/\/heimatverein.he-webpack.de\/index.php?rest_route=%2Fwp%2Fv2%2Ftags&post=8938"}],"curies":[{"name":"wp","href":"https:\/\/api.w.org\/{rel}","templated":true}]}}