{"id":8891,"date":"2019-04-29T01:55:31","date_gmt":"2019-04-28T23:55:31","guid":{"rendered":"http:\/\/heimatverein.he-webpack.de\/?p=8891"},"modified":"2019-09-19T01:26:13","modified_gmt":"2019-09-18T23:26:13","slug":"use-borger-2019","status":"publish","type":"post","link":"http:\/\/heimatverein.he-webpack.de\/?p=8891","title":{"rendered":"Use Borger 2019"},"content":{"rendered":"<div id=\"attachment_7463\" style=\"width: 210px\" class=\"wp-caption alignright\"><img loading=\"lazy\" decoding=\"async\" aria-describedby=\"caption-attachment-7463\" class=\"size-thumbnail wp-image-7463\" src=\"http:\/\/heimatverein.he-webpack.de\/wp-content\/uploads\/2017\/09\/M\u00fcllers-Schaapstall-200x150.jpg\" alt=\"\" width=\"200\" height=\"150\" \/><p id=\"caption-attachment-7463\" class=\"wp-caption-text\">M\u00fcllers Esk, im Hintergunrd die Ostertm\u00fchle.<\/p><\/div>\n<p>29.04.2019 UB &#8211; In einem Sammelaufruf im Kirchblatt hat der Heimatverein B\u00f6rger schon vor geraumer Zeit Informationen \u00fcber Vereine, Organisationen und Gruppen in B\u00f6rger erbeten. Einige Vereine haben schon bis Ende April Infos eingebracht. Wir wollen noch einmal bitten, \u00fcber bestehende Gruppen\/Vereine f\u00fcr unsere neue Jahresschrift des Heimatverein B\u00f6rger &#8222;Use Borger&#8220;, Informationen einzureichen.<\/p>\n<p>Wir wissen, dass der Sportverein B\u00f6rger e. V. dieses ebenfalls f\u00fcr die Chronik des Vereines gemacht hat. Das tut der Anfage keinen Abbruch, bzw. behindert keinen der Vereine. Wir (Heinz Becker vom SV und Team und der Arbeitskreis der HV B\u00f6rger) sprechen uns ab.<\/p>\n","protected":false},"excerpt":{"rendered":"<p id=\"caption-attachment-7463\" class=\"wp-caption-text\">M\u00fcllers Esk, im Hintergunrd die Ostertm\u00fchle.<\/p>\n<p>29.04.2019 UB &#8211; In einem Sammelaufruf im Kirchblatt hat der Heimatverein B\u00f6rger schon vor geraumer Zeit Informationen \u00fcber Vereine, Organisationen und Gruppen in B\u00f6rger erbeten. Einige Vereine haben schon bis Ende April Infos eingebracht. Wir wollen noch einmal bitten, \u00fcber bestehende Gruppen\/Vereine f\u00fcr unsere neue Jahresschrift des [&#8230;]<\/p>\n","protected":false},"author":2,"featured_media":0,"comment_status":"closed","ping_status":"open","sticky":false,"template":"","format":"standard","meta":{"ngg_post_thumbnail":0,"footnotes":""},"categories":[3],"tags":[],"class_list":["post-8891","post","type-post","status-publish","format-standard","hentry","category-neuigkeiten","odd"],"_links":{"self":[{"href":"http:\/\/heimatverein.he-webpack.de\/index.php?rest_route=\/wp\/v2\/posts\/8891","targetHints":{"allow":["GET"]}}],"collection":[{"href":"http:\/\/heimatverein.he-webpack.de\/index.php?rest_route=\/wp\/v2\/posts"}],"about":[{"href":"http:\/\/heimatverein.he-webpack.de\/index.php?rest_route=\/wp\/v2\/types\/post"}],"author":[{"embeddable":true,"href":"http:\/\/heimatverein.he-webpack.de\/index.php?rest_route=\/wp\/v2\/users\/2"}],"replies":[{"embeddable":true,"href":"http:\/\/heimatverein.he-webpack.de\/index.php?rest_route=%2Fwp%2Fv2%2Fcomments&post=8891"}],"version-history":[{"count":15,"href":"http:\/\/heimatverein.he-webpack.de\/index.php?rest_route=\/wp\/v2\/posts\/8891\/revisions"}],"predecessor-version":[{"id":9047,"href":"http:\/\/heimatverein.he-webpack.de\/index.php?rest_route=\/wp\/v2\/posts\/8891\/revisions\/9047"}],"wp:attachment":[{"href":"http:\/\/heimatverein.he-webpack.de\/index.php?rest_route=%2Fwp%2Fv2%2Fmedia&parent=8891"}],"wp:term":[{"taxonomy":"category","embeddable":true,"href":"http:\/\/heimatverein.he-webpack.de\/index.php?rest_route=%2Fwp%2Fv2%2Fcategories&post=8891"},{"taxonomy":"post_tag","embeddable":true,"href":"http:\/\/heimatverein.he-webpack.de\/index.php?rest_route=%2Fwp%2Fv2%2Ftags&post=8891"}],"curies":[{"name":"wp","href":"https:\/\/api.w.org\/{rel}","templated":true}]}}