{"id":8762,"date":"2019-03-24T19:23:41","date_gmt":"2019-03-24T18:23:41","guid":{"rendered":"http:\/\/heimatverein.he-webpack.de\/?p=8762"},"modified":"2019-04-17T02:11:38","modified_gmt":"2019-04-17T00:11:38","slug":"jahreshauptversammlung-2019","status":"publish","type":"post","link":"http:\/\/heimatverein.he-webpack.de\/?p=8762","title":{"rendered":"Mitgliederversammlung 2019"},"content":{"rendered":"<p><div id=\"attachment_8763\" style=\"width: 310px\" class=\"wp-caption alignleft\"><a href=\"http:\/\/heimatverein.he-webpack.de\/wp-content\/uploads\/2019\/03\/Vorstand-2019.jpg\" rel=\"lightbox[8762]\"><img loading=\"lazy\" decoding=\"async\" aria-describedby=\"caption-attachment-8763\" src=\"http:\/\/heimatverein.he-webpack.de\/wp-content\/uploads\/2019\/03\/Vorstand-2019-300x161.jpg\" alt=\"\" width=\"300\" height=\"161\" class=\"size-medium wp-image-8763\" srcset=\"http:\/\/heimatverein.he-webpack.de\/wp-content\/uploads\/2019\/03\/Vorstand-2019-300x161.jpg 300w, http:\/\/heimatverein.he-webpack.de\/wp-content\/uploads\/2019\/03\/Vorstand-2019-768x411.jpg 768w, http:\/\/heimatverein.he-webpack.de\/wp-content\/uploads\/2019\/03\/Vorstand-2019-1024x548.jpg 1024w, http:\/\/heimatverein.he-webpack.de\/wp-content\/uploads\/2019\/03\/Vorstand-2019-150x80.jpg 150w, http:\/\/heimatverein.he-webpack.de\/wp-content\/uploads\/2019\/03\/Vorstand-2019-400x214.jpg 400w, http:\/\/heimatverein.he-webpack.de\/wp-content\/uploads\/2019\/03\/Vorstand-2019.jpg 1200w\" sizes=\"auto, (max-width: 300px) 100vw, 300px\" \/><\/a><p id=\"caption-attachment-8763\" class=\"wp-caption-text\">Vorstand des Heimatverein B\u00f6rger 2019<\/p><\/div>24.03.2019 UB &#8211; Bei einer Kaffeetafel versammelten sich die Mitglieder des Heimatverein B\u00f6rger heute nachmittag zur obligatorischen j\u00e4hrlichen Hauptversammlung. Auf dem Programm standen Wahlen, eine \u00c4nderung der Satzung und eine \u00c4nderung der Mitgliedsbeitr\u00e4ge. Vereinsvorsitzender Hermann Schmitz gab zu Beginn der Versammlung einen \u00dcberblick \u00fcber das arbeitsreiche Jahr 2018, indem der Innenausbau der Zehntscheune sowie der Au\u00dfenanlagen des neuen Geb\u00e4udes, neben den j\u00e4hrlich wiederkehrenden Arbeiten gemacht wurde. Anschlie\u00dfend berichtete Kassenf\u00fchrer Heinz Oldiges \u00fcber die Finanzen des Vereines, die so die Kassenpr\u00fcfer solide und stimmig sind. Man hat einen ausgeglichenen &#8222;Haushalt&#8220;. Der Verein hat keine Schulden. <\/p>\n<p>Anschlie\u00dfend wurde gew\u00e4hlt. Zur Wahl standen der Erste Vorsitzende, der Zweite Vorsitzende, der Kassenf\u00fchrer, der\/die stellvertretende Kassenf\u00fchrerin, der Bauleiter Zehntscheune, die Kassenpr\u00fcfer und der Stellvertretende Schriftf\u00fchrer. Hans Klassen (auf dem Foto 2.v.li.) als Zweiter Vorsitzender stand auf eigenem Wunsch f\u00fcr die Wahl nicht mehr zur Verf\u00fcgung. F\u00fcr ihn wurde aus der Versammlung Hermann Eilers (Foto li.) zur Wahl vorgeschlagen und gew\u00e4hlt. Vorsitzender Hermann Schmitz (Foto re.), Kassenf\u00fchrer Heinz Oldiges (Foto 2.v.re), stv. Kassenf\u00fchrerin Theresia Oldiges (Foto 3.v.re), Bauleiter Zehntscheune Stefan Sievers (Foto 3.v.li.) und stv. Schriftf\u00fchrer Hermann T\u00f6bben (Foto 4.v.re.), wurden ohne Gegenvorschlag f\u00fcr 2 Jahre wieder in das Amt gew\u00e4hlt. Des weiteren wurden die Kassenpr\u00fcfer Ulrich Geers und Rudolf Schmitz f\u00fcr weitere 2 Jahre gew\u00e4hlt. Alle Gew\u00e4hlten nahmen die Wahl an. Schriftf\u00fchrer Hermann Ubbenjans ist noch bis Fr\u00fchjahr 2020 im Amt. Hans Klassen und Annette Klassen (Foto 4.v.li.) erhielten als Dank f\u00fcr die sehr aktive Mitarbeit der letzten Jahre eine Pr\u00e4sent \u00fcberreicht.<\/p>\n<p>Die Mitgliedsbeitr\u00e4ge stammen aus der Anfangszeit des Vereines (1988) und mussten dringend angepasst werden, so der Vorschlag des Vorstandes im Vorfeld der Versammlung. Es wurde beschlossen, die Beitr\u00e4ge den Gegebenheiten moderad anzupassen und auf 15\u20ac pro Einzelperson und 25\u20ac f\u00fcr Familie\/Verein\/Firma pro Jahr, zu erh\u00f6hen. Des weiteren wurde beschlossen die Nutzungsgeb\u00fchren f\u00fcr das Heimathaus auch anzupassen um kostendeckend f\u00fcr den Verein (Reinigung, Heizung, K\u00fcchenunterhalt etc.) und die Gemeinde zu arbeiten. Und auch eine \u00c4nderung des Satzung wurde beschlossen. Dem Vorstand wurde die Vertretungsvollmacht f\u00fcr Geldgesch\u00e4fte erh\u00f6ht und die Arbeit der Kassenpr\u00fcfer in der Satzung definiert. Die <a href=\"http:\/\/heimatverein.he-webpack.de\/?page_id=345\">EZ berichtete<\/a> am 16.04.2019 von dieser Veranstaltung. (Foto: Melanie T\u00f6bben)<\/p>\n","protected":false},"excerpt":{"rendered":"<p><p id=\"caption-attachment-8763\" class=\"wp-caption-text\">Vorstand des Heimatverein B\u00f6rger 2019<\/p>\n<p>24.03.2019 UB &#8211; Bei einer Kaffeetafel versammelten sich die Mitglieder des Heimatverein B\u00f6rger heute nachmittag zur obligatorischen j\u00e4hrlichen Hauptversammlung. Auf dem Programm standen Wahlen, eine \u00c4nderung der Satzung und eine \u00c4nderung der Mitgliedsbeitr\u00e4ge. Vereinsvorsitzender Hermann Schmitz gab zu Beginn der Versammlung einen \u00dcberblick \u00fcber das arbeitsreiche Jahr 2018, indem [&#8230;]<\/p>\n","protected":false},"author":2,"featured_media":0,"comment_status":"closed","ping_status":"open","sticky":false,"template":"","format":"standard","meta":{"ngg_post_thumbnail":0,"footnotes":""},"categories":[3],"tags":[],"class_list":["post-8762","post","type-post","status-publish","format-standard","hentry","category-neuigkeiten","odd"],"_links":{"self":[{"href":"http:\/\/heimatverein.he-webpack.de\/index.php?rest_route=\/wp\/v2\/posts\/8762","targetHints":{"allow":["GET"]}}],"collection":[{"href":"http:\/\/heimatverein.he-webpack.de\/index.php?rest_route=\/wp\/v2\/posts"}],"about":[{"href":"http:\/\/heimatverein.he-webpack.de\/index.php?rest_route=\/wp\/v2\/types\/post"}],"author":[{"embeddable":true,"href":"http:\/\/heimatverein.he-webpack.de\/index.php?rest_route=\/wp\/v2\/users\/2"}],"replies":[{"embeddable":true,"href":"http:\/\/heimatverein.he-webpack.de\/index.php?rest_route=%2Fwp%2Fv2%2Fcomments&post=8762"}],"version-history":[{"count":26,"href":"http:\/\/heimatverein.he-webpack.de\/index.php?rest_route=\/wp\/v2\/posts\/8762\/revisions"}],"predecessor-version":[{"id":8859,"href":"http:\/\/heimatverein.he-webpack.de\/index.php?rest_route=\/wp\/v2\/posts\/8762\/revisions\/8859"}],"wp:attachment":[{"href":"http:\/\/heimatverein.he-webpack.de\/index.php?rest_route=%2Fwp%2Fv2%2Fmedia&parent=8762"}],"wp:term":[{"taxonomy":"category","embeddable":true,"href":"http:\/\/heimatverein.he-webpack.de\/index.php?rest_route=%2Fwp%2Fv2%2Fcategories&post=8762"},{"taxonomy":"post_tag","embeddable":true,"href":"http:\/\/heimatverein.he-webpack.de\/index.php?rest_route=%2Fwp%2Fv2%2Ftags&post=8762"}],"curies":[{"name":"wp","href":"https:\/\/api.w.org\/{rel}","templated":true}]}}