{"id":8505,"date":"2019-01-07T09:03:21","date_gmt":"2019-01-07T08:03:21","guid":{"rendered":"http:\/\/heimatverein.he-webpack.de\/?p=8505"},"modified":"2019-01-30T00:11:51","modified_gmt":"2019-01-29T23:11:51","slug":"neujahrsempfang-3","status":"publish","type":"post","link":"http:\/\/heimatverein.he-webpack.de\/?p=8505","title":{"rendered":"Neujahrsempfang"},"content":{"rendered":"<p><div id=\"attachment_8489\" style=\"width: 210px\" class=\"wp-caption alignright\"><a href=\"http:\/\/heimatverein.he-webpack.de\/wp-content\/uploads\/2019\/01\/Sternsinger-2019-1200.jpg\" rel=\"lightbox[8505]\"><img loading=\"lazy\" decoding=\"async\" aria-describedby=\"caption-attachment-8489\" src=\"http:\/\/heimatverein.he-webpack.de\/wp-content\/uploads\/2019\/01\/Sternsinger-2019-1200-200x150.jpg\" alt=\"\" width=\"200\" height=\"150\" class=\"size-thumbnail wp-image-8489\" \/><\/a><p id=\"caption-attachment-8489\" class=\"wp-caption-text\">Sternsinger im Heimathaus am Dreik\u00f6nigstag<\/p><\/div>07.01.2019 UB &#8211; Seit 2003 l\u00e4d der Heimatverein B\u00f6rger zur ersten Vorstandsitzung des Jahres &#8222;zum Neujahresempfang&#8220; ein. Seit dieser Zeit werden neben dem Vorstand auch Mitglieder eingeladen, die Besonderes f\u00fcr den Verein geleistete haben. Zum Gedankenaustausch dazu auch die Ratsmitglieder der Gemeinde und die Bauhofmitarbeiter die immer mit anpacken. Vor 2003 war dieser Termin dem Gesamtvorstand mit Ehefrauen vorbehalten. Hermann Schmitz konnte in diesem Jahr wieder eine elustre Schar begr\u00fc\u00dfen. Doch vorher besuchten die Sternsinger (Jens M\u00f6ring, Till Schmees, Noah Langen und Lorenz Kr\u00f6ger) die Versammlung und trugen ihr Lied vor, um Spenden zu sammeln. &#8211; Man gab reichlich &#8211; . Besonders begr\u00fc\u00dfte Hermann Schmitz danach die Ehrenmitglieder sowie Georg Klassen und den Ehrenvorsitzenden des Vereines Heinrich Wesseln, Pater Vijay von der Pfarrgemeinde und die Ratsmitglieder des Gemeinderates nebst Bauhofmitarbeiter mit Ehefrauen.<\/p>\n<p>Bei Neujahrskuchen und einem Neujahrsschluck lies man das Jahr noch einmal Revue passieren. &#8222;Es lag wieder ein arbeitsreiches Jahr hinter den Mitgliedern und besonders dem Vorstand&#8220;: berichtete er. &#8222;Anfang 2018 wurde der Innenausbau der Zehntscheune bew\u00e4ltigt und am 30.06.2018 die Ma\u00dfnahme abgerechnet. Im Heimathaus seien 53 Veranstaltungen gewesen. Ca. 3100 G\u00e4ste waren im Heimathaus zu Gast. H\u00f6hepunkte waren hier die monatlichen &#8222;Plattproater-Kaffees&#8220; die sehr gut besucht waren. Dazu kommen noch die G\u00e4ste des Teichfestes. Und auch die Au\u00dfenanlage der Zehntscheune sei mit Hilfe der Gemeinde fertiggestellt worden&#8220;. Am Ende des Jahres stellte der HV die 28. Ausgabe &#8222;Use Borger&#8220; vor. Diese ist wieder mit einem hohen Arbeitsaufwand gefertigt worden. &#8222;Man habe sich vorgenommen 2019 das Mehrzweckgeb\u00e4ude mit Leben zu erf\u00fcllen. Der Anfang sei gemacht&#8220;: so Hermann Schmitz. &#8222;Der Arbeitsraum f\u00fcr die Jahresschriften Use Borger sei einger\u00e4umt und so nach und nach sollen die anderen R\u00e4ume mit der K\u00fcche, mit musealen Exponaten und ein Raum mit Lerneinrichtungen entstehen. Die \u00f6ffentliche Toilettenanlage ist fertig, dort fehlt nur noch die Schlie\u00dfanlage am Eingang.&#8220;<\/p>\n<p><a href=\"http:\/\/heimatverein.he-webpack.de\/wp-content\/uploads\/2019\/01\/Tunschere-HV-B\u00f6rger-Jan-2019-e1547303729522.jpg\"><img loading=\"lazy\" decoding=\"async\" src=\"http:\/\/heimatverein.he-webpack.de\/wp-content\/uploads\/2019\/01\/Tunschere-HV-B\u00f6rger-Jan-2019-200x150.jpg\" alt=\"\" width=\"200\" height=\"150\" class=\"alignleft size-thumbnail wp-image-8556\" \/><\/a>Als kleines Zwischenspiel zeigte der Schriftf\u00fchrer noch Szenen aus alten Videoaufnahmen von 1985 (33 Jahre alt) und vom Heimatabend am 16. Mai 1992, die Ulrich Westendorf aufgenommen hat. Danach \u00fcberreichte der Vorsitzende dem II. stellvertretenden B\u00fcrgermeister (VA-Mitglied) Ansgar Kossen f\u00fcr den verhinderten B\u00fcrgermeister J\u00fcrgen Ermes eine Tunschere als Dank des Heimatvereines f\u00fcr die \u00dcberlassung des Heimathauses. <\/p>\n<p>Ansgar Kossen bedankte sich herzlich f\u00fcr die Tunschere und f\u00fcr die Arbeiten des Vereines f\u00fcr die Bev\u00f6lkerung, im Namen des Rates der Gemeinde B\u00f6rger. &#8222;Der Heimatverein und auch die vielen anderen Vereine in B\u00f6rger leisten wichtige Kulturarbeit&#8220; f\u00fchrte er aus. &#8222;Der Begriff Heimat sei in den letzten Jahren wieder ins rechte Licht ger\u00fcckt worden&#8220;. F\u00fcr den Vorstand des Heimatverein B\u00f6rger nahm Hans Klassen (re. auf dem Foto) eine Tunschere als Dank f\u00fcr die Vorstandsarbeit in Empfang. Nach dem offiziellen Teil gab es anschlie\u00dfend noch Zeit zum Kl\u00f6nen und f\u00fcr die Besichtigung der Zehntscheune. &#8211; Fotos: Hermann Ubbenjans<\/p>\n","protected":false},"excerpt":{"rendered":"<p><p id=\"caption-attachment-8489\" class=\"wp-caption-text\">Sternsinger im Heimathaus am Dreik\u00f6nigstag<\/p>\n<p>07.01.2019 UB &#8211; Seit 2003 l\u00e4d der Heimatverein B\u00f6rger zur ersten Vorstandsitzung des Jahres &#8222;zum Neujahresempfang&#8220; ein. Seit dieser Zeit werden neben dem Vorstand auch Mitglieder eingeladen, die Besonderes f\u00fcr den Verein geleistete haben. Zum Gedankenaustausch dazu auch die Ratsmitglieder der Gemeinde und die Bauhofmitarbeiter die immer mit anpacken. [&#8230;]<\/p>\n","protected":false},"author":2,"featured_media":0,"comment_status":"closed","ping_status":"open","sticky":false,"template":"","format":"standard","meta":{"ngg_post_thumbnail":0,"footnotes":""},"categories":[3],"tags":[],"class_list":["post-8505","post","type-post","status-publish","format-standard","hentry","category-neuigkeiten","odd"],"_links":{"self":[{"href":"http:\/\/heimatverein.he-webpack.de\/index.php?rest_route=\/wp\/v2\/posts\/8505","targetHints":{"allow":["GET"]}}],"collection":[{"href":"http:\/\/heimatverein.he-webpack.de\/index.php?rest_route=\/wp\/v2\/posts"}],"about":[{"href":"http:\/\/heimatverein.he-webpack.de\/index.php?rest_route=\/wp\/v2\/types\/post"}],"author":[{"embeddable":true,"href":"http:\/\/heimatverein.he-webpack.de\/index.php?rest_route=\/wp\/v2\/users\/2"}],"replies":[{"embeddable":true,"href":"http:\/\/heimatverein.he-webpack.de\/index.php?rest_route=%2Fwp%2Fv2%2Fcomments&post=8505"}],"version-history":[{"count":7,"href":"http:\/\/heimatverein.he-webpack.de\/index.php?rest_route=\/wp\/v2\/posts\/8505\/revisions"}],"predecessor-version":[{"id":8514,"href":"http:\/\/heimatverein.he-webpack.de\/index.php?rest_route=\/wp\/v2\/posts\/8505\/revisions\/8514"}],"wp:attachment":[{"href":"http:\/\/heimatverein.he-webpack.de\/index.php?rest_route=%2Fwp%2Fv2%2Fmedia&parent=8505"}],"wp:term":[{"taxonomy":"category","embeddable":true,"href":"http:\/\/heimatverein.he-webpack.de\/index.php?rest_route=%2Fwp%2Fv2%2Fcategories&post=8505"},{"taxonomy":"post_tag","embeddable":true,"href":"http:\/\/heimatverein.he-webpack.de\/index.php?rest_route=%2Fwp%2Fv2%2Ftags&post=8505"}],"curies":[{"name":"wp","href":"https:\/\/api.w.org\/{rel}","templated":true}]}}