{"id":7648,"date":"2017-12-03T16:09:19","date_gmt":"2017-12-03T15:09:19","guid":{"rendered":"http:\/\/heimatverein.he-webpack.de\/?p=7648"},"modified":"2017-12-18T22:41:14","modified_gmt":"2017-12-18T21:41:14","slug":"die-neue-jahresschrift-ist-auf-dem-markt","status":"publish","type":"post","link":"http:\/\/heimatverein.he-webpack.de\/?p=7648","title":{"rendered":"Die neue Jahresschrift ist auf dem Markt"},"content":{"rendered":"<p><div id=\"attachment_7649\" style=\"width: 310px\" class=\"wp-caption alignright\"><a href=\"http:\/\/heimatverein.he-webpack.de\/wp-content\/uploads\/2017\/12\/Gruppe-UseBg-1200.jpg\" rel=\"attachment wp-att-7649\" rel=\"lightbox[7648]\"><img loading=\"lazy\" decoding=\"async\" aria-describedby=\"caption-attachment-7649\" src=\"http:\/\/heimatverein.he-webpack.de\/wp-content\/uploads\/2017\/12\/Gruppe-UseBg-1200-300x168.jpg\" alt=\"v.l.: Thekla Brinker - Rastdorf, Herm. Schmitz, Bernd Gebkenjans, Herm. Ubbenjans, Pastor Karl Heinz Santel, Herm. Wichmann - S\u00f6gel, Bgm. J\u00fcrgen Ermes, Dr. Joh. Hofmeister - Nottuln, Willi Wigbers - Spahnharrenst\u00e4tte, Hans Geers, Alfons Kleine, Elke Grote - Neub\u00f6rger\" width=\"300\" height=\"168\" class=\"size-medium wp-image-7649\" srcset=\"http:\/\/heimatverein.he-webpack.de\/wp-content\/uploads\/2017\/12\/Gruppe-UseBg-1200-300x168.jpg 300w, http:\/\/heimatverein.he-webpack.de\/wp-content\/uploads\/2017\/12\/Gruppe-UseBg-1200-768x430.jpg 768w, http:\/\/heimatverein.he-webpack.de\/wp-content\/uploads\/2017\/12\/Gruppe-UseBg-1200-1024x573.jpg 1024w, http:\/\/heimatverein.he-webpack.de\/wp-content\/uploads\/2017\/12\/Gruppe-UseBg-1200-150x84.jpg 150w, http:\/\/heimatverein.he-webpack.de\/wp-content\/uploads\/2017\/12\/Gruppe-UseBg-1200-400x224.jpg 400w, http:\/\/heimatverein.he-webpack.de\/wp-content\/uploads\/2017\/12\/Gruppe-UseBg-1200.jpg 1200w\" sizes=\"auto, (max-width: 300px) 100vw, 300px\" \/><\/a><p id=\"caption-attachment-7649\" class=\"wp-caption-text\">v.l.: Thekla Brinker &#8211; Rastdorf, Herm. Schmitz, Bernd Gebkenjans, Herm. Ubbenjans, Pastor Karl Heinz Santel, Herm. Wichmann &#8211; S\u00f6gel, Bgm. J\u00fcrgen Ermes, Dr. Joh. Hofmeister &#8211; Nottuln, Willi Wigbers &#8211; Spahnh., Hans Geers, Alfons Kleine, Elke Grote &#8211; Neub\u00f6rger &#8211; Foto: Rudi Schmitz<\/p><\/div>03.12.2017 UB &#8211; Bis auf den letzten Platz besetzt war das weihnachtlich geschm\u00fcckte Heimathaus B\u00f6rger, gestern beim diesj\u00e4hrigen Gr\u00fcnkohlessen in der Vorweihnachtszeit. Bevor man sich jedoch den Gaumenfreuden hingab, stimmte Alfons Kleine Volkslieder zur Winterzeit zum Mitsingen an. Sp\u00e4ter trug er noch St\u00fccke aus den Anfangsjahren der Hoofbeats vor. Das 70k\u00f6pfige Publikum war begeistert.<\/p>\n<p>Bernd Gebkenjans stellte nach dem Essen die Jahresschrift &#8222;Use Borger 2017&#8220; vor. In diesem Buch sei &#8222;Musik drin&#8220; berichtete er. Heimatfreund Kaspar Kronabel, der im Fr\u00fchjahr 2017 verstarb gab im Februar noch sein O.K. zur Ver\u00f6ffentlichung des zweiten Teil seiner Aufzeichnungen in Plattd\u00fcsk. Diese &#8222;SCHRIEWEGEN&#8220; bringen wir in dieser Ausgabe. Dann berichtet Reinhard Rolfes (unter Mitarbeit von Hans Geers) in Use Borger 2017 \u00fcber &#8222;Kinderarbeit&#8220; in alle Facetten (Fabrikarbeit, Feldarbeit und Hausarbeit als Lebenserhalt oder\/und Mithilfe im Haushalt) und Hermann Ubbenjans berichtet \u00fcber Aufzeichnungen der historischen Grabanlagen (Steingr\u00e4ber u. H\u00fcgelgr\u00e4ber) rund um B\u00f6rger und die Arbeit von Dr. Elisabeth Schlicht. Bernd Gebkenjans machte sich Gedanken in der 27. Jahresschrift \u00fcber &#8222;Meine ersten 50 Jahre&#8220;. Von Schule \u00fcber Hausarbeit, Freizeit, Musik und Begebenheiten im Ort. Der zweite Teil des Buches ist wieder dem AKTUELLEN gewidmet. <\/p>\n<p>Als Gast des Abends hatte der HV <a href=\"http:\/\/heimatverein.he-webpack.de\/?page_id=7658\">Dr. Johannes Hofmeister<\/a> eingeladen, der als Kenner und Mitarbeiter des LWL-Museums f\u00fcr Naturkunde in M\u00fcnster \u00fcber die Fotosammlung des Naturschutzpioniers und Naturfotografen Hermann Reichling (1890-1948) berichtete. Dr. Reichling gilt als einer der Wegbereiter der Naturschutzgebiete im Emsland, Grafschaft Bentheim und Westfalen. Sein Nachla\u00df umfasst ca 10.000 Fotos, davon sch\u00f6ne Aufnahmen der B\u00f6rger Landschaft. In der <a href=\"http:\/\/heimatverein.he-webpack.de\/?page_id=345\">Emszeitung berichtet<\/a> berichtet Herm. Josef D\u00f6bber am 16.12.2017 \u00fcber diese Zusammenkunft.<\/p>\n","protected":false},"excerpt":{"rendered":"<p><p id=\"caption-attachment-7649\" class=\"wp-caption-text\">v.l.: Thekla Brinker &#8211; Rastdorf, Herm. Schmitz, Bernd Gebkenjans, Herm. Ubbenjans, Pastor Karl Heinz Santel, Herm. Wichmann &#8211; S\u00f6gel, Bgm. J\u00fcrgen Ermes, Dr. Joh. Hofmeister &#8211; Nottuln, Willi Wigbers &#8211; Spahnh., Hans Geers, Alfons Kleine, Elke Grote &#8211; Neub\u00f6rger &#8211; Foto: Rudi Schmitz<\/p>\n<p>03.12.2017 UB &#8211; Bis auf den letzten Platz besetzt war das [&#8230;]<\/p>\n","protected":false},"author":2,"featured_media":0,"comment_status":"closed","ping_status":"open","sticky":false,"template":"","format":"standard","meta":{"ngg_post_thumbnail":0,"footnotes":""},"categories":[3],"tags":[],"class_list":["post-7648","post","type-post","status-publish","format-standard","hentry","category-neuigkeiten","odd"],"_links":{"self":[{"href":"http:\/\/heimatverein.he-webpack.de\/index.php?rest_route=\/wp\/v2\/posts\/7648","targetHints":{"allow":["GET"]}}],"collection":[{"href":"http:\/\/heimatverein.he-webpack.de\/index.php?rest_route=\/wp\/v2\/posts"}],"about":[{"href":"http:\/\/heimatverein.he-webpack.de\/index.php?rest_route=\/wp\/v2\/types\/post"}],"author":[{"embeddable":true,"href":"http:\/\/heimatverein.he-webpack.de\/index.php?rest_route=\/wp\/v2\/users\/2"}],"replies":[{"embeddable":true,"href":"http:\/\/heimatverein.he-webpack.de\/index.php?rest_route=%2Fwp%2Fv2%2Fcomments&post=7648"}],"version-history":[{"count":24,"href":"http:\/\/heimatverein.he-webpack.de\/index.php?rest_route=\/wp\/v2\/posts\/7648\/revisions"}],"predecessor-version":[{"id":7652,"href":"http:\/\/heimatverein.he-webpack.de\/index.php?rest_route=\/wp\/v2\/posts\/7648\/revisions\/7652"}],"wp:attachment":[{"href":"http:\/\/heimatverein.he-webpack.de\/index.php?rest_route=%2Fwp%2Fv2%2Fmedia&parent=7648"}],"wp:term":[{"taxonomy":"category","embeddable":true,"href":"http:\/\/heimatverein.he-webpack.de\/index.php?rest_route=%2Fwp%2Fv2%2Fcategories&post=7648"},{"taxonomy":"post_tag","embeddable":true,"href":"http:\/\/heimatverein.he-webpack.de\/index.php?rest_route=%2Fwp%2Fv2%2Ftags&post=7648"}],"curies":[{"name":"wp","href":"https:\/\/api.w.org\/{rel}","templated":true}]}}