{"id":7594,"date":"2017-11-19T13:17:58","date_gmt":"2017-11-19T12:17:58","guid":{"rendered":"http:\/\/heimatverein.he-webpack.de\/?p=7594"},"modified":"2017-12-03T16:38:43","modified_gmt":"2017-12-03T15:38:43","slug":"volkstrauertag-2017","status":"publish","type":"post","link":"http:\/\/heimatverein.he-webpack.de\/?p=7594","title":{"rendered":"Volkstrauertag 2017"},"content":{"rendered":"<p><div id=\"attachment_7595\" style=\"width: 310px\" class=\"wp-caption alignleft\"><a href=\"http:\/\/heimatverein.he-webpack.de\/wp-content\/uploads\/2017\/11\/Volkstrauertag-2017.jpg\" rel=\"attachment wp-att-7595\" rel=\"lightbox[7594]\"><img loading=\"lazy\" decoding=\"async\" aria-describedby=\"caption-attachment-7595\" src=\"http:\/\/heimatverein.he-webpack.de\/wp-content\/uploads\/2017\/11\/Volkstrauertag-2017-300x182.jpg\" alt=\"Ehrenwache am Volkstrauertag\" width=\"300\" height=\"182\" class=\"size-medium wp-image-7595\" srcset=\"http:\/\/heimatverein.he-webpack.de\/wp-content\/uploads\/2017\/11\/Volkstrauertag-2017-300x182.jpg 300w, http:\/\/heimatverein.he-webpack.de\/wp-content\/uploads\/2017\/11\/Volkstrauertag-2017-768x465.jpg 768w, http:\/\/heimatverein.he-webpack.de\/wp-content\/uploads\/2017\/11\/Volkstrauertag-2017-1024x620.jpg 1024w, http:\/\/heimatverein.he-webpack.de\/wp-content\/uploads\/2017\/11\/Volkstrauertag-2017-150x91.jpg 150w, http:\/\/heimatverein.he-webpack.de\/wp-content\/uploads\/2017\/11\/Volkstrauertag-2017-400x242.jpg 400w, http:\/\/heimatverein.he-webpack.de\/wp-content\/uploads\/2017\/11\/Volkstrauertag-2017.jpg 1200w\" sizes=\"auto, (max-width: 300px) 100vw, 300px\" \/><\/a><p id=\"caption-attachment-7595\" class=\"wp-caption-text\">Ehrenwache am Volkstrauertag<\/p><\/div>19.11.2017 UB &#8211; In Anwesenheit vieler B\u00fcrger und Vertreter der B\u00f6rger Vereine legte am Volkstrauertag 2017 eine Abordnung der Feuerwehr B\u00f6rger einen Kranz am Kriegerehrenmal vor der Kirche nieder. Hier war eine Ehrenwache postiert. B\u00fcrgermeister <a href=\"http:\/\/heimatverein.he-webpack.de\/?page_id=7635\">J\u00fcrgen Ermes hielt die Ansprache<\/a>. Er erinnerte an die Gefallenen der beiden Weltkriege, aber auch an die aktuellen Kriege und Gewaltherrschaften in der Ukraine, Syrien, Afganistan und in Afrika. In B\u00f6rger leben momentan Fl\u00fcchtlinge im Jugendg\u00e4stehaus.<\/p>\n<p>Pfarrer Karl Heinz Santel betete mit den Anwesenden f\u00fcr den Frieden. Fahnenabordnungen der Vereine flankierten die Veranstaltung. Musikalisch umrahmt wurde die Veranstaltung von den H\u00fcmmlinger Musikanten. Mit dem &#8222;B\u00f6rgermoor-Lied&#8220; von 1933 das sp\u00e4ter als <a href=\"http:\/\/heimatverein.he-webpack.de\/?page_id=7599\">&#8222;Moorsoldatenlied&#8220;<\/a> in die Geschichte eingeht, begann die Veranstaltung. Sie endete mit der <a href=\"http:\/\/heimatverein.he-webpack.de\/?page_id=7612\">Nationalhymne<\/a> und einem schnellen Kaffee an der Mokka-Bar vor der Kirche, denn die Witterung spielte nicht mit. Hagel sprengte die Veranstaltung.<\/p>\n","protected":false},"excerpt":{"rendered":"<p><p id=\"caption-attachment-7595\" class=\"wp-caption-text\">Ehrenwache am Volkstrauertag<\/p>\n<p>19.11.2017 UB &#8211; In Anwesenheit vieler B\u00fcrger und Vertreter der B\u00f6rger Vereine legte am Volkstrauertag 2017 eine Abordnung der Feuerwehr B\u00f6rger einen Kranz am Kriegerehrenmal vor der Kirche nieder. Hier war eine Ehrenwache postiert. B\u00fcrgermeister J\u00fcrgen Ermes hielt die Ansprache. Er erinnerte an die Gefallenen der beiden Weltkriege, aber auch an [&#8230;]<\/p>\n","protected":false},"author":2,"featured_media":0,"comment_status":"closed","ping_status":"open","sticky":false,"template":"","format":"standard","meta":{"ngg_post_thumbnail":0,"footnotes":""},"categories":[3],"tags":[],"class_list":["post-7594","post","type-post","status-publish","format-standard","hentry","category-neuigkeiten","odd"],"_links":{"self":[{"href":"http:\/\/heimatverein.he-webpack.de\/index.php?rest_route=\/wp\/v2\/posts\/7594","targetHints":{"allow":["GET"]}}],"collection":[{"href":"http:\/\/heimatverein.he-webpack.de\/index.php?rest_route=\/wp\/v2\/posts"}],"about":[{"href":"http:\/\/heimatverein.he-webpack.de\/index.php?rest_route=\/wp\/v2\/types\/post"}],"author":[{"embeddable":true,"href":"http:\/\/heimatverein.he-webpack.de\/index.php?rest_route=\/wp\/v2\/users\/2"}],"replies":[{"embeddable":true,"href":"http:\/\/heimatverein.he-webpack.de\/index.php?rest_route=%2Fwp%2Fv2%2Fcomments&post=7594"}],"version-history":[{"count":15,"href":"http:\/\/heimatverein.he-webpack.de\/index.php?rest_route=\/wp\/v2\/posts\/7594\/revisions"}],"predecessor-version":[{"id":7597,"href":"http:\/\/heimatverein.he-webpack.de\/index.php?rest_route=\/wp\/v2\/posts\/7594\/revisions\/7597"}],"wp:attachment":[{"href":"http:\/\/heimatverein.he-webpack.de\/index.php?rest_route=%2Fwp%2Fv2%2Fmedia&parent=7594"}],"wp:term":[{"taxonomy":"category","embeddable":true,"href":"http:\/\/heimatverein.he-webpack.de\/index.php?rest_route=%2Fwp%2Fv2%2Fcategories&post=7594"},{"taxonomy":"post_tag","embeddable":true,"href":"http:\/\/heimatverein.he-webpack.de\/index.php?rest_route=%2Fwp%2Fv2%2Ftags&post=7594"}],"curies":[{"name":"wp","href":"https:\/\/api.w.org\/{rel}","templated":true}]}}