{"id":7540,"date":"2017-10-02T13:20:25","date_gmt":"2017-10-02T11:20:25","guid":{"rendered":"http:\/\/heimatverein.he-webpack.de\/?p=7540"},"modified":"2017-10-05T11:09:23","modified_gmt":"2017-10-05T09:09:23","slug":"hv-mitglieder-geehrt","status":"publish","type":"post","link":"http:\/\/heimatverein.he-webpack.de\/?p=7540","title":{"rendered":"HV Mitglieder geehrt"},"content":{"rendered":"<p><div id=\"attachment_7541\" style=\"width: 310px\" class=\"wp-caption alignright\"><a href=\"http:\/\/heimatverein.he-webpack.de\/wp-content\/uploads\/2017\/10\/Ehrung-Kirmes-2017-1800.jpg\" rel=\"attachment wp-att-7541\" rel=\"lightbox[7540]\"><img loading=\"lazy\" decoding=\"async\" aria-describedby=\"caption-attachment-7541\" src=\"http:\/\/heimatverein.he-webpack.de\/wp-content\/uploads\/2017\/10\/Ehrung-Kirmes-2017-1800-300x141.jpg\" alt=\"Ehrungen Kirmes 2017 auf dem Festzelt\" width=\"300\" height=\"141\" class=\"size-medium wp-image-7541\" srcset=\"http:\/\/heimatverein.he-webpack.de\/wp-content\/uploads\/2017\/10\/Ehrung-Kirmes-2017-1800-300x141.jpg 300w, http:\/\/heimatverein.he-webpack.de\/wp-content\/uploads\/2017\/10\/Ehrung-Kirmes-2017-1800-768x360.jpg 768w, http:\/\/heimatverein.he-webpack.de\/wp-content\/uploads\/2017\/10\/Ehrung-Kirmes-2017-1800-1024x480.jpg 1024w, http:\/\/heimatverein.he-webpack.de\/wp-content\/uploads\/2017\/10\/Ehrung-Kirmes-2017-1800-150x70.jpg 150w, http:\/\/heimatverein.he-webpack.de\/wp-content\/uploads\/2017\/10\/Ehrung-Kirmes-2017-1800-400x187.jpg 400w, http:\/\/heimatverein.he-webpack.de\/wp-content\/uploads\/2017\/10\/Ehrung-Kirmes-2017-1800.jpg 1800w\" sizes=\"auto, (max-width: 300px) 100vw, 300px\" \/><\/a><p id=\"caption-attachment-7541\" class=\"wp-caption-text\">Ehrung Kirmes 2017 auf dem Festzelt<\/p><\/div>02.10.2017 UB &#8211; Zum Erntedankfest werden in B\u00f6rger seit Jahren B\u00fcrger geehrt, die sich ehrenamtlich besonders eingesetzt haben. In diesem Jahr wurden stellvertretend f\u00fcr die vielen Ehrenamtlichen, die sich beim Bau der Zehntscheune des HV beteiligt haben vier geehrt. Sie haben viele Jahre hintereinander Ubben Schafstall am Wacholderhain und die Teiche mit Springbrunnen am Heimathaus mit instand gehalten und durch ihr Wirken konnte der Heimatverein viele junge Mitglieder werben. Fast 50 Neumitglieder verzeichnete der Verein in den letzten Jahren, die vor allem von dieser Gruppe geworben wurde. <\/p>\n<p>Als nun der Heimatverein seinen lang ersehnten Plan zum Bau eines zweiten Geb\u00e4udes f\u00fcr die historische Sammlung in Angriff nehmen konnte, hat diese Gruppe aus gewieften Bauhandwerksgesellen, -meistern und \u2013technikern neben vielen Anderen verantwortlich Aufgaben \u00fcbernommen. In einer konzertierten Aktion konnte man die Remise abtragen und dort die Betonsohle und Innenschale des Geb\u00e4udes (in 2 Wochen) erstellen um eine Arbeitsgrundlage f\u00fcr die Wandergesellen zu schaffen, die das Holzst\u00e4nderwerk erstellten. Durch ihr beherztes Anpacken und ihre Fachkompetenz konnte die 33k\u00f6pfige Gruppe der Wandergesellinnen\/gesellen des \u201eFreien Begegnungsschachtes\u201c versorgt, bautechnisch betreut bewirtet und verpflegt werden. <\/p>\n<p>Vier Bauhandwerker bauten zusammen nach Plan, mit Helfern das gesamte Geb\u00e4ude auf dem Heimathof B\u00f6rger; \u00fcbernahmen die gesamten Mauerarbeiten der Innenschale und der Verklinkerung des Geb\u00e4udes. Diese vier werden auch beim Innen- und Endausbau der Zehntscheune wieder mit anpacken und der B\u00f6rger Dorfgemeinschaft ein Vorbild sein. Stellvertretend f\u00fcr alle Ehrenamtlichen die sich bei den Arbeiten auf dem Heimathof, beteiligten wurden: <strong>Gerhard Hanenkamp<\/strong>, B\u00f6rger Tannenweg, <strong>Stefan Sievers<\/strong>, B\u00f6rger Fasanenweg, <strong>Werner Schomakers<\/strong> B\u00f6rger Waldstra\u00dfe, (auf dem Bild 3.v.li.) und <strong>Gerhard T\u00f6bben<\/strong>, B\u00f6rger Bauerntannen (auf dem Bild 4.v.li.), von B\u00fcrgermeister J\u00fcrgen Ermes (li. auf dem Bild) Arbeitskreis Vorsitzender Klaus Fleer (2.v.li.) und Hermann Grote (re.) vom Ausschu\u00df der Gemeinde geehrt.<\/p>\n","protected":false},"excerpt":{"rendered":"<p><p id=\"caption-attachment-7541\" class=\"wp-caption-text\">Ehrung Kirmes 2017 auf dem Festzelt<\/p>\n<p>02.10.2017 UB &#8211; Zum Erntedankfest werden in B\u00f6rger seit Jahren B\u00fcrger geehrt, die sich ehrenamtlich besonders eingesetzt haben. In diesem Jahr wurden stellvertretend f\u00fcr die vielen Ehrenamtlichen, die sich beim Bau der Zehntscheune des HV beteiligt haben vier geehrt. Sie haben viele Jahre hintereinander Ubben Schafstall am Wacholderhain [&#8230;]<\/p>\n","protected":false},"author":2,"featured_media":0,"comment_status":"closed","ping_status":"open","sticky":false,"template":"","format":"standard","meta":{"ngg_post_thumbnail":0,"footnotes":""},"categories":[3],"tags":[],"class_list":["post-7540","post","type-post","status-publish","format-standard","hentry","category-neuigkeiten","odd"],"_links":{"self":[{"href":"http:\/\/heimatverein.he-webpack.de\/index.php?rest_route=\/wp\/v2\/posts\/7540","targetHints":{"allow":["GET"]}}],"collection":[{"href":"http:\/\/heimatverein.he-webpack.de\/index.php?rest_route=\/wp\/v2\/posts"}],"about":[{"href":"http:\/\/heimatverein.he-webpack.de\/index.php?rest_route=\/wp\/v2\/types\/post"}],"author":[{"embeddable":true,"href":"http:\/\/heimatverein.he-webpack.de\/index.php?rest_route=\/wp\/v2\/users\/2"}],"replies":[{"embeddable":true,"href":"http:\/\/heimatverein.he-webpack.de\/index.php?rest_route=%2Fwp%2Fv2%2Fcomments&post=7540"}],"version-history":[{"count":6,"href":"http:\/\/heimatverein.he-webpack.de\/index.php?rest_route=\/wp\/v2\/posts\/7540\/revisions"}],"predecessor-version":[{"id":7551,"href":"http:\/\/heimatverein.he-webpack.de\/index.php?rest_route=\/wp\/v2\/posts\/7540\/revisions\/7551"}],"wp:attachment":[{"href":"http:\/\/heimatverein.he-webpack.de\/index.php?rest_route=%2Fwp%2Fv2%2Fmedia&parent=7540"}],"wp:term":[{"taxonomy":"category","embeddable":true,"href":"http:\/\/heimatverein.he-webpack.de\/index.php?rest_route=%2Fwp%2Fv2%2Fcategories&post=7540"},{"taxonomy":"post_tag","embeddable":true,"href":"http:\/\/heimatverein.he-webpack.de\/index.php?rest_route=%2Fwp%2Fv2%2Ftags&post=7540"}],"curies":[{"name":"wp","href":"https:\/\/api.w.org\/{rel}","templated":true}]}}