{"id":7531,"date":"2017-09-27T11:12:40","date_gmt":"2017-09-27T09:12:40","guid":{"rendered":"http:\/\/heimatverein.he-webpack.de\/?p=7531"},"modified":"2017-09-27T11:20:27","modified_gmt":"2017-09-27T09:20:27","slug":"1000-euro-fuer-fluechtlingshilfe-boerger","status":"publish","type":"post","link":"http:\/\/heimatverein.he-webpack.de\/?p=7531","title":{"rendered":"1000 Euro f\u00fcr Fl\u00fcchtlingshilfe B\u00f6rger"},"content":{"rendered":"<p><div id=\"attachment_7532\" style=\"width: 310px\" class=\"wp-caption alignleft\"><a href=\"http:\/\/heimatverein.he-webpack.de\/wp-content\/uploads\/2017\/09\/Fl\u00fcchtlingshifle-Ehrung-1800.jpg\" rel=\"attachment wp-att-7532\"><img loading=\"lazy\" decoding=\"async\" aria-describedby=\"caption-attachment-7532\" src=\"http:\/\/heimatverein.he-webpack.de\/wp-content\/uploads\/2017\/09\/Fl\u00fcchtlingshifle-Ehrung-1800-300x113.jpg\" alt=\"Die Unterst\u00fctzergruppe aus B\u00f6rger nahm den Preis entgegen.\" width=\"300\" height=\"113\" class=\"size-medium wp-image-7532\" srcset=\"http:\/\/heimatverein.he-webpack.de\/wp-content\/uploads\/2017\/09\/Fl\u00fcchtlingshifle-Ehrung-1800-300x113.jpg 300w, http:\/\/heimatverein.he-webpack.de\/wp-content\/uploads\/2017\/09\/Fl\u00fcchtlingshifle-Ehrung-1800-768x288.jpg 768w, http:\/\/heimatverein.he-webpack.de\/wp-content\/uploads\/2017\/09\/Fl\u00fcchtlingshifle-Ehrung-1800-1024x384.jpg 1024w, http:\/\/heimatverein.he-webpack.de\/wp-content\/uploads\/2017\/09\/Fl\u00fcchtlingshifle-Ehrung-1800-150x56.jpg 150w, http:\/\/heimatverein.he-webpack.de\/wp-content\/uploads\/2017\/09\/Fl\u00fcchtlingshifle-Ehrung-1800-400x150.jpg 400w, http:\/\/heimatverein.he-webpack.de\/wp-content\/uploads\/2017\/09\/Fl\u00fcchtlingshifle-Ehrung-1800.jpg 1800w\" sizes=\"auto, (max-width: 300px) 100vw, 300px\" \/><\/a><p id=\"caption-attachment-7532\" class=\"wp-caption-text\">Die Unterst\u00fctzergruppe aus B\u00f6rger nahm den Preis entgegen.<\/p><\/div>27.09.2017 UB &#8211; Die Freude war gro\u00df: Die Fl\u00fcchtlingshilfe B\u00f6rger geh\u00f6rt zu den diesj\u00e4hrigen Preistr\u00e4gern des Sonnenschein-Preises der Caritas-Gemeinschaftsstiftung Osnabr\u00fcck. Mit 1000 Euro ist die Initiative bei der feierlichen Verleihung in den letzten Tagen im Atrium des Krankenhauses Meppen ausgezeichnet worden. Der Preis stand in diesem Jahr unter dem Motto <strong>\u201eZusammen sind wir Heimat\u201c<\/strong>. F\u00fcr die Jury waren die Aktivit\u00e4ten der Fl\u00fcchtlingshilfe B\u00f6rger ein Vorzeigebeispiel daf\u00fcr, wie sich Ehrenamtliche einsetzen und den sozialen Zusammenhalt f\u00f6rdern k\u00f6nnen. <\/p>\n<p>In B\u00f6rger engagiert sich ein buntes Netzwerk aus Kirche, Kommune und Zivilgesellschaft f\u00fcr die Integration Gefl\u00fcchteter im Ort. Mit der Ank\u00fcndigung der ersten Fl\u00fcchtlinge im Sommer 2015 fand sich ein gro\u00dfer Kreis Ehrenamtlicher zusammen, um sich um die Betreuung zu k\u00fcmmern. Tatkr\u00e4ftig, mit Euphorie und gro\u00dfem Einsatz leisten die Ehrenamtlichen einen wertvollen Beitrag und sorgen f\u00fcr eine echte Willkommenskultur in B\u00f6rger. Insgesamt sind zehn Projekte aus dem gesamten Bistum Osnabr\u00fcck mit dem Sonnenschein-Preis ausgezeichnet worden, darunter neben der Fl\u00fcchtlingshilfe B\u00f6rger weitere vier Initiativen und eine Einzelperson aus dem Emsland. Der mit insgesamt 10.000 Euro dotierte Preis f\u00fcr ehrenamtliches Engagement wird von der Caritas-Gemeinschafts-Stiftung Osnabr\u00fcck ausgelobt (Text\/Bild: Roland Knillmann Caritas OS)<\/p>\n","protected":false},"excerpt":{"rendered":"<p><p id=\"caption-attachment-7532\" class=\"wp-caption-text\">Die Unterst\u00fctzergruppe aus B\u00f6rger nahm den Preis entgegen.<\/p>\n<p>27.09.2017 UB &#8211; Die Freude war gro\u00df: Die Fl\u00fcchtlingshilfe B\u00f6rger geh\u00f6rt zu den diesj\u00e4hrigen Preistr\u00e4gern des Sonnenschein-Preises der Caritas-Gemeinschaftsstiftung Osnabr\u00fcck. Mit 1000 Euro ist die Initiative bei der feierlichen Verleihung in den letzten Tagen im Atrium des Krankenhauses Meppen ausgezeichnet worden. Der Preis stand in diesem [&#8230;]<\/p>\n","protected":false},"author":2,"featured_media":0,"comment_status":"closed","ping_status":"open","sticky":false,"template":"","format":"standard","meta":{"ngg_post_thumbnail":0,"footnotes":""},"categories":[3],"tags":[],"class_list":["post-7531","post","type-post","status-publish","format-standard","hentry","category-neuigkeiten","odd"],"_links":{"self":[{"href":"http:\/\/heimatverein.he-webpack.de\/index.php?rest_route=\/wp\/v2\/posts\/7531","targetHints":{"allow":["GET"]}}],"collection":[{"href":"http:\/\/heimatverein.he-webpack.de\/index.php?rest_route=\/wp\/v2\/posts"}],"about":[{"href":"http:\/\/heimatverein.he-webpack.de\/index.php?rest_route=\/wp\/v2\/types\/post"}],"author":[{"embeddable":true,"href":"http:\/\/heimatverein.he-webpack.de\/index.php?rest_route=\/wp\/v2\/users\/2"}],"replies":[{"embeddable":true,"href":"http:\/\/heimatverein.he-webpack.de\/index.php?rest_route=%2Fwp%2Fv2%2Fcomments&post=7531"}],"version-history":[{"count":6,"href":"http:\/\/heimatverein.he-webpack.de\/index.php?rest_route=\/wp\/v2\/posts\/7531\/revisions"}],"predecessor-version":[{"id":7534,"href":"http:\/\/heimatverein.he-webpack.de\/index.php?rest_route=\/wp\/v2\/posts\/7531\/revisions\/7534"}],"wp:attachment":[{"href":"http:\/\/heimatverein.he-webpack.de\/index.php?rest_route=%2Fwp%2Fv2%2Fmedia&parent=7531"}],"wp:term":[{"taxonomy":"category","embeddable":true,"href":"http:\/\/heimatverein.he-webpack.de\/index.php?rest_route=%2Fwp%2Fv2%2Fcategories&post=7531"},{"taxonomy":"post_tag","embeddable":true,"href":"http:\/\/heimatverein.he-webpack.de\/index.php?rest_route=%2Fwp%2Fv2%2Ftags&post=7531"}],"curies":[{"name":"wp","href":"https:\/\/api.w.org\/{rel}","templated":true}]}}