{"id":7493,"date":"2017-09-22T09:56:08","date_gmt":"2017-09-22T07:56:08","guid":{"rendered":"http:\/\/heimatverein.he-webpack.de\/?p=7493"},"modified":"2017-10-17T00:53:42","modified_gmt":"2017-10-16T22:53:42","slug":"ausflug-des-heimatverein","status":"publish","type":"post","link":"http:\/\/heimatverein.he-webpack.de\/?p=7493","title":{"rendered":"Ausflug des Heimatverein"},"content":{"rendered":"<p><div id=\"attachment_7494\" style=\"width: 310px\" class=\"wp-caption alignright\"><a href=\"http:\/\/heimatverein.he-webpack.de\/wp-content\/uploads\/2017\/09\/Ausflug-HV-B\u00f6rger1800.jpg\" rel=\"attachment wp-att-7494\"><img loading=\"lazy\" decoding=\"async\" aria-describedby=\"caption-attachment-7494\" src=\"http:\/\/heimatverein.he-webpack.de\/wp-content\/uploads\/2017\/09\/Ausflug-HV-B\u00f6rger1800-300x136.jpg\" alt=\"Ein ausdrucksstarker Vortrag von Ludger Stukenborg \u00fcber das Moor (hier \u00fcber ein Moor-Auge) und die Fehnkultur in Papenburg\" width=\"300\" height=\"136\" class=\"size-medium wp-image-7494\" srcset=\"http:\/\/heimatverein.he-webpack.de\/wp-content\/uploads\/2017\/09\/Ausflug-HV-B\u00f6rger1800-300x136.jpg 300w, http:\/\/heimatverein.he-webpack.de\/wp-content\/uploads\/2017\/09\/Ausflug-HV-B\u00f6rger1800-768x348.jpg 768w, http:\/\/heimatverein.he-webpack.de\/wp-content\/uploads\/2017\/09\/Ausflug-HV-B\u00f6rger1800-1024x464.jpg 1024w, http:\/\/heimatverein.he-webpack.de\/wp-content\/uploads\/2017\/09\/Ausflug-HV-B\u00f6rger1800-150x68.jpg 150w, http:\/\/heimatverein.he-webpack.de\/wp-content\/uploads\/2017\/09\/Ausflug-HV-B\u00f6rger1800-400x181.jpg 400w, http:\/\/heimatverein.he-webpack.de\/wp-content\/uploads\/2017\/09\/Ausflug-HV-B\u00f6rger1800.jpg 1800w\" sizes=\"auto, (max-width: 300px) 100vw, 300px\" \/><\/a><p id=\"caption-attachment-7494\" class=\"wp-caption-text\">Ein ausdrucksstarker Vortrag von Ludger Stukenborg \u00fcber das Moor (hier \u00fcber ein Moor-Auge) und die Fehnkultur in Papenburg<\/p><\/div>22.09.2017 UB &#8211; Am vergangenen Sonntag war der HV B\u00f6rger auf Tour. Man traf sich um 13 Uhr bei der B\u00f6rger Kirche. 24 Mitglieder reisten mit nach Papenburg. Ziel war die Van-Velen-Anlage und das Kapit\u00e4nshus Dreyer am Obenende. Hier wurden wir beim &#8222;Papenburger Hus&#8220;, am Splitting von Ludger Stukenborg begr\u00fc\u00dft und machten mit ihm eine interessante Bootstour auf den K\u00e4nalen hinter der Von-Velen-Anlage, der H\u00d6B und der Neubausiedlung am Spillmannsweg. <\/p>\n<p>Dann ging es zu einer Kaffeetafel in das Papenburger Hus. Bei einer anschlie\u00dfenden Besichtigung auf der Van-Velen-Anlage erkl\u00e4rte Ludger Stukenborg, den viele Mitreisende noch aus seiner Zeit (1971 \u2013 1977) als Lehrer in B\u00f6rger kennen, von den Schwierigkeiten der Siedler in Papenburg. Mit Witz, Fachwissen und ausdrucksstarkem Plattd\u00fctsk war es ein Erlebnis ihm zuzuh\u00f6ren. Mit einem Gang durch den Garten (von Frau Stukenborg) und der Au\u00dfenanlagen am Papenburger Hus rundete man den Besuch bei den Papenburger Heimatfreunden ab. Der Verein &#8222;Papenburger Hus&#8220; hat am ehemaligen Kapit\u00e4nshaus Dreyer eine beachtliche Sammlung aus &#8222;Alter Zeit&#8220; zusammengetragen und bei F\u00fchrungen vermittelt man die &#8222;Geschichte&#8220; Papenburgs. <\/p>\n<p>Gegen 17.00 Uhr fuhr man mit dem Bus durch nicht bekannte Stellen in der alten Fehnkolonie. Man erfuhr im Kapit\u00e4nsviertel von der Seefahrertradion der Papenburger, die den Wohlstand der Fehnkolonie mitbegr\u00fcndeten. Am Untenende berichtete Ludger von historischen Gegebenheiten, u.a. von vielen wohlhabenden Schiffsbauern, -ausr\u00fcstern und -eignern und hart arbeitenden Torfgr\u00e4bern und Moorbauern am Obenende. Gegen 18.00 Uhr kehrte man dann auf dem R\u00fcckweg in den Gasthof Ruhe in B\u00f6rgermoor ein, wo ein gutes Abendb\u00fcfett wartete. Um 20.00 Uhr war man p\u00fcnktlich wieder in B\u00f6rger.<\/p>\n","protected":false},"excerpt":{"rendered":"<p><p id=\"caption-attachment-7494\" class=\"wp-caption-text\">Ein ausdrucksstarker Vortrag von Ludger Stukenborg \u00fcber das Moor (hier \u00fcber ein Moor-Auge) und die Fehnkultur in Papenburg<\/p>\n<p>22.09.2017 UB &#8211; Am vergangenen Sonntag war der HV B\u00f6rger auf Tour. Man traf sich um 13 Uhr bei der B\u00f6rger Kirche. 24 Mitglieder reisten mit nach Papenburg. Ziel war die Van-Velen-Anlage und das Kapit\u00e4nshus Dreyer [&#8230;]<\/p>\n","protected":false},"author":2,"featured_media":0,"comment_status":"closed","ping_status":"open","sticky":false,"template":"","format":"standard","meta":{"ngg_post_thumbnail":0,"footnotes":""},"categories":[3],"tags":[],"class_list":["post-7493","post","type-post","status-publish","format-standard","hentry","category-neuigkeiten","odd"],"_links":{"self":[{"href":"http:\/\/heimatverein.he-webpack.de\/index.php?rest_route=\/wp\/v2\/posts\/7493","targetHints":{"allow":["GET"]}}],"collection":[{"href":"http:\/\/heimatverein.he-webpack.de\/index.php?rest_route=\/wp\/v2\/posts"}],"about":[{"href":"http:\/\/heimatverein.he-webpack.de\/index.php?rest_route=\/wp\/v2\/types\/post"}],"author":[{"embeddable":true,"href":"http:\/\/heimatverein.he-webpack.de\/index.php?rest_route=\/wp\/v2\/users\/2"}],"replies":[{"embeddable":true,"href":"http:\/\/heimatverein.he-webpack.de\/index.php?rest_route=%2Fwp%2Fv2%2Fcomments&post=7493"}],"version-history":[{"count":21,"href":"http:\/\/heimatverein.he-webpack.de\/index.php?rest_route=\/wp\/v2\/posts\/7493\/revisions"}],"predecessor-version":[{"id":7496,"href":"http:\/\/heimatverein.he-webpack.de\/index.php?rest_route=\/wp\/v2\/posts\/7493\/revisions\/7496"}],"wp:attachment":[{"href":"http:\/\/heimatverein.he-webpack.de\/index.php?rest_route=%2Fwp%2Fv2%2Fmedia&parent=7493"}],"wp:term":[{"taxonomy":"category","embeddable":true,"href":"http:\/\/heimatverein.he-webpack.de\/index.php?rest_route=%2Fwp%2Fv2%2Fcategories&post=7493"},{"taxonomy":"post_tag","embeddable":true,"href":"http:\/\/heimatverein.he-webpack.de\/index.php?rest_route=%2Fwp%2Fv2%2Ftags&post=7493"}],"curies":[{"name":"wp","href":"https:\/\/api.w.org\/{rel}","templated":true}]}}