{"id":7462,"date":"2017-09-16T01:35:42","date_gmt":"2017-09-15T23:35:42","guid":{"rendered":"http:\/\/heimatverein.he-webpack.de\/?p=7462"},"modified":"2017-12-03T23:03:36","modified_gmt":"2017-12-03T22:03:36","slug":"use-borger-2017","status":"publish","type":"post","link":"http:\/\/heimatverein.he-webpack.de\/?p=7462","title":{"rendered":"Use Borger 2017"},"content":{"rendered":"<p><a href=\"http:\/\/heimatverein.he-webpack.de\/wp-content\/uploads\/2017\/11\/8.9.9.-Plakat-Werbung.jpg\" rel=\"attachment wp-att-7591\" rel=\"lightbox[7462]\"><img loading=\"lazy\" decoding=\"async\" src=\"http:\/\/heimatverein.he-webpack.de\/wp-content\/uploads\/2017\/11\/8.9.9.-Plakat-Werbung-213x300.jpg\" alt=\"8.9.9. Plakat Werbung\" width=\"213\" height=\"300\" class=\"alignleft size-medium wp-image-7591\" srcset=\"http:\/\/heimatverein.he-webpack.de\/wp-content\/uploads\/2017\/11\/8.9.9.-Plakat-Werbung-213x300.jpg 213w, http:\/\/heimatverein.he-webpack.de\/wp-content\/uploads\/2017\/11\/8.9.9.-Plakat-Werbung-768x1080.jpg 768w, http:\/\/heimatverein.he-webpack.de\/wp-content\/uploads\/2017\/11\/8.9.9.-Plakat-Werbung-728x1024.jpg 728w, http:\/\/heimatverein.he-webpack.de\/wp-content\/uploads\/2017\/11\/8.9.9.-Plakat-Werbung-107x150.jpg 107w, http:\/\/heimatverein.he-webpack.de\/wp-content\/uploads\/2017\/11\/8.9.9.-Plakat-Werbung-400x563.jpg 400w, http:\/\/heimatverein.he-webpack.de\/wp-content\/uploads\/2017\/11\/8.9.9.-Plakat-Werbung.jpg 900w\" sizes=\"auto, (max-width: 213px) 100vw, 213px\" \/><\/a>15.09.2017 UB &#8211; Es ist wieder Zeit f\u00fcr einen Bericht \u00fcber die neue Jahresschrift des Heimatverein B\u00f6rger. Wir sind gut in der Zeit bei der Erstellung des Buches. Wir haben unterhaltsame &#8222;Themen&#8220; und Euch erwartet beim Lesen der Ausgabe auch das ein oder andere &#8222;Schmunzeln&#8220; \u00fcber Sachverhalte aus der Nachkriegszeit. In der Zeit nach dem II. Weltkrieg, nahm das Leben in B\u00f6rger beim Aufbau des Dorfes seinen Gang und die Friedenszeit begann.<\/p>\n<p>In B\u00f6rger entwickelte sich eine Aufbau- den Krieg abgewandte Jugendkultur, die Kaspar Kronabel in Plattd\u00fcsk empfand und beschreibt und auch Bernd Gebkenjans (aber Anders 10 Jahre sp\u00e4ter) in seiner Kindheit und Jugend erleben konnte. Kinder dieser Zeit hatten es, so wie die Eltern, nicht leicht. Sie mu\u00dften helfen den Wohlstand wieder mit aufzubauen oder die einfache Existenz zu sichern. Das war f\u00fcr die Kinder nicht immer einfach und problemfrei. Aber man kannte es in dieser Zeit nicht Anders. Dar\u00fcber berichtet Reinhard Rolfes mit Hilfe von Hans Geers. <\/p>\n<p>Die in der letzen Ausgabe angefangene &#8222;Alte Geschichte des Ortes&#8220; wollen wir mit Teil II der Beitr\u00e4gen zur Geschichte, und der W\u00fcrdigung von Dr. Elisabeth Schlicht (deren Mutter aus B\u00f6rger stammt) und ihren Ausarbeitungen fortsetzen. Dr. Elisabeth Schlicht wurde im Sommer 2016 in einer Feierstunde in Meppen als w\u00fcrdige Arbeiterin der Emsl\u00e4ndischen Historie geehrt. Das, so denken<strong> wir <\/strong>, ist lange \u00fcberf\u00e4llig gewesen. Sie hat eine gro\u00dfe Menge an historischen Materialien hinterlassen, die von den Fachleuten jetzt erst ausgewertet werden. Freut Euch mit dem Vorstand und dem AK Geschichte des Heimatverein B\u00f6rger e. V. auf eine <del datetime=\"2017-09-15T23:35:42+00:00\">&#8222;KLASSE&#8220;<\/del> nein wieder <strong>gute<\/strong> Ausgabe von Use Borger, ab 1. Advent 2017 mit neuen &#8222;alten&#8220; Bildern. <\/p>\n","protected":false},"excerpt":{"rendered":"<p>15.09.2017 UB &#8211; Es ist wieder Zeit f\u00fcr einen Bericht \u00fcber die neue Jahresschrift des Heimatverein B\u00f6rger. Wir sind gut in der Zeit bei der Erstellung des Buches. Wir haben unterhaltsame &#8222;Themen&#8220; und Euch erwartet beim Lesen der Ausgabe auch das ein oder andere &#8222;Schmunzeln&#8220; \u00fcber Sachverhalte aus der Nachkriegszeit. In der Zeit nach dem [&#8230;]<\/p>\n","protected":false},"author":2,"featured_media":0,"comment_status":"closed","ping_status":"open","sticky":false,"template":"","format":"standard","meta":{"ngg_post_thumbnail":0,"footnotes":""},"categories":[3],"tags":[],"class_list":["post-7462","post","type-post","status-publish","format-standard","hentry","category-neuigkeiten","odd"],"_links":{"self":[{"href":"http:\/\/heimatverein.he-webpack.de\/index.php?rest_route=\/wp\/v2\/posts\/7462","targetHints":{"allow":["GET"]}}],"collection":[{"href":"http:\/\/heimatverein.he-webpack.de\/index.php?rest_route=\/wp\/v2\/posts"}],"about":[{"href":"http:\/\/heimatverein.he-webpack.de\/index.php?rest_route=\/wp\/v2\/types\/post"}],"author":[{"embeddable":true,"href":"http:\/\/heimatverein.he-webpack.de\/index.php?rest_route=\/wp\/v2\/users\/2"}],"replies":[{"embeddable":true,"href":"http:\/\/heimatverein.he-webpack.de\/index.php?rest_route=%2Fwp%2Fv2%2Fcomments&post=7462"}],"version-history":[{"count":23,"href":"http:\/\/heimatverein.he-webpack.de\/index.php?rest_route=\/wp\/v2\/posts\/7462\/revisions"}],"predecessor-version":[{"id":7465,"href":"http:\/\/heimatverein.he-webpack.de\/index.php?rest_route=\/wp\/v2\/posts\/7462\/revisions\/7465"}],"wp:attachment":[{"href":"http:\/\/heimatverein.he-webpack.de\/index.php?rest_route=%2Fwp%2Fv2%2Fmedia&parent=7462"}],"wp:term":[{"taxonomy":"category","embeddable":true,"href":"http:\/\/heimatverein.he-webpack.de\/index.php?rest_route=%2Fwp%2Fv2%2Fcategories&post=7462"},{"taxonomy":"post_tag","embeddable":true,"href":"http:\/\/heimatverein.he-webpack.de\/index.php?rest_route=%2Fwp%2Fv2%2Ftags&post=7462"}],"curies":[{"name":"wp","href":"https:\/\/api.w.org\/{rel}","templated":true}]}}