{"id":7440,"date":"2017-08-28T09:48:14","date_gmt":"2017-08-28T07:48:14","guid":{"rendered":"http:\/\/heimatverein.he-webpack.de\/?p=7440"},"modified":"2017-09-24T09:17:56","modified_gmt":"2017-09-24T07:17:56","slug":"familienfest-der-kirchengemeinde-st-jodokus","status":"publish","type":"post","link":"http:\/\/heimatverein.he-webpack.de\/?p=7440","title":{"rendered":"Familienfest der Kirchengemeinde St. Jodokus &#8211;  Pfarrfest"},"content":{"rendered":"<p><div id=\"attachment_7455\" style=\"width: 310px\" class=\"wp-caption alignright\"><a href=\"http:\/\/heimatverein.he-webpack.de\/wp-content\/uploads\/2017\/08\/AA-Bild-Pfarrfest-2017.jpg\" rel=\"attachment wp-att-7455\" rel=\"lightbox[7440]\"><img loading=\"lazy\" decoding=\"async\" aria-describedby=\"caption-attachment-7455\" src=\"http:\/\/heimatverein.he-webpack.de\/wp-content\/uploads\/2017\/08\/AA-Bild-Pfarrfest-2017-300x174.jpg\" alt=\"Sonntagsmesse auf dem Festplatz - Foto: Hubert Westerhoff\" width=\"300\" height=\"174\" class=\"size-medium wp-image-7455\" srcset=\"http:\/\/heimatverein.he-webpack.de\/wp-content\/uploads\/2017\/08\/AA-Bild-Pfarrfest-2017-300x174.jpg 300w, http:\/\/heimatverein.he-webpack.de\/wp-content\/uploads\/2017\/08\/AA-Bild-Pfarrfest-2017-768x445.jpg 768w, http:\/\/heimatverein.he-webpack.de\/wp-content\/uploads\/2017\/08\/AA-Bild-Pfarrfest-2017-1024x593.jpg 1024w, http:\/\/heimatverein.he-webpack.de\/wp-content\/uploads\/2017\/08\/AA-Bild-Pfarrfest-2017-150x87.jpg 150w, http:\/\/heimatverein.he-webpack.de\/wp-content\/uploads\/2017\/08\/AA-Bild-Pfarrfest-2017-400x232.jpg 400w\" sizes=\"auto, (max-width: 300px) 100vw, 300px\" \/><\/a><p id=\"caption-attachment-7455\" class=\"wp-caption-text\">Sonntagsmesse auf dem Festplatz &#8211; Foto: Hubert Westerhoff<\/p><\/div>14.09.2017 UB &#8211; Die kath. Kirchengemeinde lud f\u00fcr Samstag den 09. und Sonntag den 10. Sept. 2017 zum Pfarrfest ein. Samstag abends, ging es mit einem D\u00e4mmerschoppen und 50 Liter Freibier bei musikalischer Unterhaltung los. Am Sonntag ab 10.30 Uhr begann dann der Tag mit einem Familiengottesdienst mit den H\u00fcmmlinger Musikanten und dem St. Jodokus Kirchenchor. Viele Vereine und Gruppen hatten danach Aktionen und Spiele aufgebaut oder halfen logistisch mit und sorgten Bestens f\u00fcr das Wohl der Besucher an diesem Nachmittag f\u00fcr Jung und Alt. <\/p>\n<p>Die Beteiligung war gut. Von Wasserspiel der Feuerwehr, eine Rutschbahn, Kletterwand, Spielemobil, Kickerplatz, Imkerstand, Stand der Theatergruppe mit Aktionen, Schie\u00dfkino, Tanzauftritte von KiGa und Schule, Flohmarkt, Musikunterhaltung, Sch\u00e4tzaktion des Rates, Infostand des Heimatverein, Kuchenb\u00fcfett, Leckereienstand der JuKi, Leckeres vom Grill, und Weiteres. Es war Einiges geboten. Pastor Santel war hoch erfeut, so viele Besucher bei bestem Sp\u00e4tsommerwetter zu sehen. Das kann nur gelingen, so sagte er: \u201eWenn die B\u00f6rger Vereine mitmachen und zusammen arbeiten\u201c. Und auch die G\u00e4ste waren guter Stimmung. Und das Wetter war genau in diesen Stunden von Samstag 18.00 Uhr bis Sonntag abend sonnig und trocken, bei ansonsten windregnerisch und st\u00fcrmischen Tagen vorher und Starkwinden und Windbruch nachher. Fein fein!<\/p>\n","protected":false},"excerpt":{"rendered":"<p><p id=\"caption-attachment-7455\" class=\"wp-caption-text\">Sonntagsmesse auf dem Festplatz &#8211; Foto: Hubert Westerhoff<\/p>\n<p>14.09.2017 UB &#8211; Die kath. Kirchengemeinde lud f\u00fcr Samstag den 09. und Sonntag den 10. Sept. 2017 zum Pfarrfest ein. Samstag abends, ging es mit einem D\u00e4mmerschoppen und 50 Liter Freibier bei musikalischer Unterhaltung los. Am Sonntag ab 10.30 Uhr begann dann der Tag mit einem [&#8230;]<\/p>\n","protected":false},"author":2,"featured_media":0,"comment_status":"closed","ping_status":"open","sticky":false,"template":"","format":"standard","meta":{"ngg_post_thumbnail":0,"footnotes":""},"categories":[3],"tags":[],"class_list":["post-7440","post","type-post","status-publish","format-standard","hentry","category-neuigkeiten","odd"],"_links":{"self":[{"href":"http:\/\/heimatverein.he-webpack.de\/index.php?rest_route=\/wp\/v2\/posts\/7440","targetHints":{"allow":["GET"]}}],"collection":[{"href":"http:\/\/heimatverein.he-webpack.de\/index.php?rest_route=\/wp\/v2\/posts"}],"about":[{"href":"http:\/\/heimatverein.he-webpack.de\/index.php?rest_route=\/wp\/v2\/types\/post"}],"author":[{"embeddable":true,"href":"http:\/\/heimatverein.he-webpack.de\/index.php?rest_route=\/wp\/v2\/users\/2"}],"replies":[{"embeddable":true,"href":"http:\/\/heimatverein.he-webpack.de\/index.php?rest_route=%2Fwp%2Fv2%2Fcomments&post=7440"}],"version-history":[{"count":18,"href":"http:\/\/heimatverein.he-webpack.de\/index.php?rest_route=\/wp\/v2\/posts\/7440\/revisions"}],"predecessor-version":[{"id":7442,"href":"http:\/\/heimatverein.he-webpack.de\/index.php?rest_route=\/wp\/v2\/posts\/7440\/revisions\/7442"}],"wp:attachment":[{"href":"http:\/\/heimatverein.he-webpack.de\/index.php?rest_route=%2Fwp%2Fv2%2Fmedia&parent=7440"}],"wp:term":[{"taxonomy":"category","embeddable":true,"href":"http:\/\/heimatverein.he-webpack.de\/index.php?rest_route=%2Fwp%2Fv2%2Fcategories&post=7440"},{"taxonomy":"post_tag","embeddable":true,"href":"http:\/\/heimatverein.he-webpack.de\/index.php?rest_route=%2Fwp%2Fv2%2Ftags&post=7440"}],"curies":[{"name":"wp","href":"https:\/\/api.w.org\/{rel}","templated":true}]}}