{"id":7338,"date":"2017-07-25T12:52:09","date_gmt":"2017-07-25T10:52:09","guid":{"rendered":"http:\/\/heimatverein.he-webpack.de\/?p=7338"},"modified":"2017-08-03T23:25:24","modified_gmt":"2017-08-03T21:25:24","slug":"primizmesse-in-boerger","status":"publish","type":"post","link":"http:\/\/heimatverein.he-webpack.de\/?p=7338","title":{"rendered":"Primizmesse in B\u00f6rger"},"content":{"rendered":"<p><div id=\"attachment_7394\" style=\"width: 310px\" class=\"wp-caption alignleft\"><a href=\"http:\/\/heimatverein.he-webpack.de\/wp-content\/uploads\/2017\/07\/Kaplan-St\u00e4rk-in-B\u00f6rger-1600.jpg\" rel=\"attachment wp-att-7394\"><img loading=\"lazy\" decoding=\"async\" aria-describedby=\"caption-attachment-7394\" src=\"http:\/\/heimatverein.he-webpack.de\/wp-content\/uploads\/2017\/07\/Kaplan-St\u00e4rk-in-B\u00f6rger-1600-300x191.jpg\" alt=\"Kaplan Michael St\u00e4rk (mittig), mit Eltern, Bruder und Verwandtschaft\" width=\"300\" height=\"191\" class=\"size-medium wp-image-7394\" srcset=\"http:\/\/heimatverein.he-webpack.de\/wp-content\/uploads\/2017\/07\/Kaplan-St\u00e4rk-in-B\u00f6rger-1600-300x191.jpg 300w, http:\/\/heimatverein.he-webpack.de\/wp-content\/uploads\/2017\/07\/Kaplan-St\u00e4rk-in-B\u00f6rger-1600-768x489.jpg 768w, http:\/\/heimatverein.he-webpack.de\/wp-content\/uploads\/2017\/07\/Kaplan-St\u00e4rk-in-B\u00f6rger-1600-1024x652.jpg 1024w, http:\/\/heimatverein.he-webpack.de\/wp-content\/uploads\/2017\/07\/Kaplan-St\u00e4rk-in-B\u00f6rger-1600-150x95.jpg 150w, http:\/\/heimatverein.he-webpack.de\/wp-content\/uploads\/2017\/07\/Kaplan-St\u00e4rk-in-B\u00f6rger-1600-400x255.jpg 400w, http:\/\/heimatverein.he-webpack.de\/wp-content\/uploads\/2017\/07\/Kaplan-St\u00e4rk-in-B\u00f6rger-1600.jpg 1600w\" sizes=\"auto, (max-width: 300px) 100vw, 300px\" \/><\/a><p id=\"caption-attachment-7394\" class=\"wp-caption-text\">Kaplan Michael St\u00e4rk (mittig), Eltern, Bruder und Verwandtschaft<\/p><\/div>01.08.2017 UB &#8211; In einer Pressemitteilung verk\u00fcndet unser Bischof von Osnabr\u00fcck Dr. Bode j\u00fcngst, dass in diesem Jahr im Bistum Osnabr\u00fcck keine Priesterweihe stattfinden konnte. Das ist bedauerlich, aber nicht zu \u00e4ndern.<\/p>\n<p>Michael St\u00e4rk, Bruder von Martin St\u00e4rk in B\u00f6rger, Pater Augustin Stra\u00dfe, und weiterer Verwandschaft in B\u00f6rger und D\u00f6rpen (Frericks) ist am 23. Juni 2017 im Hohem Dom zu K\u00f6ln von Rainer Maria Kardinal W\u00f6lki zum Priester geweiht worden und hat heute in B\u00f6rger seine Primizmesse gefeiert. In w\u00fcrdigem Rahmen bei guter Beteiligung der Bev\u00f6lkerung feierte er zusammen mit Pastor Karl Heinz Santel <strong>seine Primizmesse in B\u00f6rger<\/strong> und gab anschlie\u00dfend den Primizsegen. Danach gab es einen kleinen Empfang bei der Familie Wesseln. <\/p>\n<p>Morgen wird er um 15.00 Uhr auf Wunsch befreundeter Familien in Heede sein. Dort wird er eine weitere Messe in der Maria-K\u00f6nigin-Kirche halten. Untergebracht ist er in B\u00f6rger. Kaplan Michael St\u00e4rk ist in der Gemeinde St. Laurentius, einer gro\u00dfen Pfarrgemeinschaft mit vielen Kirchen in Wuppertal als Kath. Geistlicher t\u00e4tig. <\/p>\n","protected":false},"excerpt":{"rendered":"<p><p id=\"caption-attachment-7394\" class=\"wp-caption-text\">Kaplan Michael St\u00e4rk (mittig), Eltern, Bruder und Verwandtschaft<\/p>\n<p>01.08.2017 UB &#8211; In einer Pressemitteilung verk\u00fcndet unser Bischof von Osnabr\u00fcck Dr. Bode j\u00fcngst, dass in diesem Jahr im Bistum Osnabr\u00fcck keine Priesterweihe stattfinden konnte. Das ist bedauerlich, aber nicht zu \u00e4ndern.<\/p>\n<p>Michael St\u00e4rk, Bruder von Martin St\u00e4rk in B\u00f6rger, Pater Augustin Stra\u00dfe, und weiterer Verwandschaft [&#8230;]<\/p>\n","protected":false},"author":2,"featured_media":0,"comment_status":"closed","ping_status":"open","sticky":false,"template":"","format":"standard","meta":{"ngg_post_thumbnail":0,"footnotes":""},"categories":[3],"tags":[],"class_list":["post-7338","post","type-post","status-publish","format-standard","hentry","category-neuigkeiten","odd"],"_links":{"self":[{"href":"http:\/\/heimatverein.he-webpack.de\/index.php?rest_route=\/wp\/v2\/posts\/7338","targetHints":{"allow":["GET"]}}],"collection":[{"href":"http:\/\/heimatverein.he-webpack.de\/index.php?rest_route=\/wp\/v2\/posts"}],"about":[{"href":"http:\/\/heimatverein.he-webpack.de\/index.php?rest_route=\/wp\/v2\/types\/post"}],"author":[{"embeddable":true,"href":"http:\/\/heimatverein.he-webpack.de\/index.php?rest_route=\/wp\/v2\/users\/2"}],"replies":[{"embeddable":true,"href":"http:\/\/heimatverein.he-webpack.de\/index.php?rest_route=%2Fwp%2Fv2%2Fcomments&post=7338"}],"version-history":[{"count":15,"href":"http:\/\/heimatverein.he-webpack.de\/index.php?rest_route=\/wp\/v2\/posts\/7338\/revisions"}],"predecessor-version":[{"id":7393,"href":"http:\/\/heimatverein.he-webpack.de\/index.php?rest_route=\/wp\/v2\/posts\/7338\/revisions\/7393"}],"wp:attachment":[{"href":"http:\/\/heimatverein.he-webpack.de\/index.php?rest_route=%2Fwp%2Fv2%2Fmedia&parent=7338"}],"wp:term":[{"taxonomy":"category","embeddable":true,"href":"http:\/\/heimatverein.he-webpack.de\/index.php?rest_route=%2Fwp%2Fv2%2Fcategories&post=7338"},{"taxonomy":"post_tag","embeddable":true,"href":"http:\/\/heimatverein.he-webpack.de\/index.php?rest_route=%2Fwp%2Fv2%2Ftags&post=7338"}],"curies":[{"name":"wp","href":"https:\/\/api.w.org\/{rel}","templated":true}]}}