{"id":7298,"date":"2017-07-23T17:28:40","date_gmt":"2017-07-23T15:28:40","guid":{"rendered":"http:\/\/heimatverein.he-webpack.de\/?p=7298"},"modified":"2017-08-20T02:04:14","modified_gmt":"2017-08-20T00:04:14","slug":"schuetzenfest-in-boerger","status":"publish","type":"post","link":"http:\/\/heimatverein.he-webpack.de\/?p=7298","title":{"rendered":"Sch\u00fctzenfest in B\u00f6rger"},"content":{"rendered":"<p><div id=\"attachment_7300\" style=\"width: 210px\" class=\"wp-caption alignright\"><a href=\"http:\/\/heimatverein.he-webpack.de\/wp-content\/uploads\/2017\/07\/Sch\u00fctzenfest-2017-1200pix.jpg\" rel=\"attachment wp-att-7300\"><img loading=\"lazy\" decoding=\"async\" aria-describedby=\"caption-attachment-7300\" src=\"http:\/\/heimatverein.he-webpack.de\/wp-content\/uploads\/2017\/07\/Sch\u00fctzenfest-2017-1200pix-200x150.jpg\" alt=\"Marsch an Sch\u00fctzenfest - Sonntag, durch die Gemeinde\" width=\"200\" height=\"150\" class=\"size-thumbnail wp-image-7300\" \/><\/a><p id=\"caption-attachment-7300\" class=\"wp-caption-text\">Marsch an Sch\u00fctzenfest &#8211; Sonntag durch die Gemeinde<\/p><\/div>23.07.2017 UB &#8211; Am 4. Sonntag im Juli ist in B\u00f6rger <strong>&#8222;SCH\u00dcTZENFEST&#8220;<\/strong>. Das Dorf ist mit F\u00e4hnchen und Girlanden geschm\u00fcckt und auch die Vorg\u00e4rten sind auf Hochglanz getrimmt. Fahnenschmuck allenorts. Von ihren Quartieren zogen die drei Kompanien zur Dorfmitte. Dort vereinte man sich zu einer langen Marschkolonne. Nach dem obligatorischen Ehrengedenken am Kriegerehrenmal bei der B\u00f6rger Kirche, durch das K\u00f6nigspaar Andrea und Andreas L\u00fcken nebst Throngefolge, ging es zum Festplatz. Begleitet wurde der Zug von der Kolpingkapelle B\u00f6rgerwald, dem Musikverein Werpeloh und den H\u00fcmmlinger Musikanten. Auf dem Festplatz wurde ausgiebig gefeiert. Heute abend w\u00e4hrend des Festballes wird der neue K\u00f6nig proklamiert. Der beste Sch\u00fctze wird beim K\u00f6nigschie\u00dfen ermittelt (und nicht gew\u00e4hlt wie im Vorfeld von einem Witzbold verbreitet). Man darf auf das Schie\u00dfergebnis gespannt sein. Allen Sch\u00fctzen w\u00fcnschen wir eine ruhige Hand und <strong>&#8222;Gut Schu\u00df&#8220;<\/strong>. Mit zwei Clicks auf das rechte Bild gibt es die Fotoserie vom Festmarsch am heutigen Tag zu sehen.<\/p>\n<p><strong>Nachtrag:<\/strong> 26.07.2017 &#8211; Sonntagabend um ca 23.00 Uhr kam dann die Nachricht, das Hermann Albers aus dem Zug West, von der Stra\u00dfe Im T\u00f6ppen, die K\u00f6nigsw\u00fcrde errang. Zur K\u00f6nigin erkor er sich seine Ehefrau Silvia. Dem Throngefolge geh\u00f6ren die Nachbarn und die Opferstein-Gemeinschaft an. <\/p>\n","protected":false},"excerpt":{"rendered":"<p><p id=\"caption-attachment-7300\" class=\"wp-caption-text\">Marsch an Sch\u00fctzenfest &#8211; Sonntag durch die Gemeinde<\/p>\n<p>23.07.2017 UB &#8211; Am 4. Sonntag im Juli ist in B\u00f6rger &#8222;SCH\u00dcTZENFEST&#8220;. Das Dorf ist mit F\u00e4hnchen und Girlanden geschm\u00fcckt und auch die Vorg\u00e4rten sind auf Hochglanz getrimmt. Fahnenschmuck allenorts. Von ihren Quartieren zogen die drei Kompanien zur Dorfmitte. Dort vereinte man sich zu einer langen [&#8230;]<\/p>\n","protected":false},"author":2,"featured_media":0,"comment_status":"closed","ping_status":"open","sticky":false,"template":"","format":"standard","meta":{"ngg_post_thumbnail":0,"footnotes":""},"categories":[3],"tags":[],"class_list":["post-7298","post","type-post","status-publish","format-standard","hentry","category-neuigkeiten","odd"],"_links":{"self":[{"href":"http:\/\/heimatverein.he-webpack.de\/index.php?rest_route=\/wp\/v2\/posts\/7298","targetHints":{"allow":["GET"]}}],"collection":[{"href":"http:\/\/heimatverein.he-webpack.de\/index.php?rest_route=\/wp\/v2\/posts"}],"about":[{"href":"http:\/\/heimatverein.he-webpack.de\/index.php?rest_route=\/wp\/v2\/types\/post"}],"author":[{"embeddable":true,"href":"http:\/\/heimatverein.he-webpack.de\/index.php?rest_route=\/wp\/v2\/users\/2"}],"replies":[{"embeddable":true,"href":"http:\/\/heimatverein.he-webpack.de\/index.php?rest_route=%2Fwp%2Fv2%2Fcomments&post=7298"}],"version-history":[{"count":25,"href":"http:\/\/heimatverein.he-webpack.de\/index.php?rest_route=\/wp\/v2\/posts\/7298\/revisions"}],"predecessor-version":[{"id":7302,"href":"http:\/\/heimatverein.he-webpack.de\/index.php?rest_route=\/wp\/v2\/posts\/7298\/revisions\/7302"}],"wp:attachment":[{"href":"http:\/\/heimatverein.he-webpack.de\/index.php?rest_route=%2Fwp%2Fv2%2Fmedia&parent=7298"}],"wp:term":[{"taxonomy":"category","embeddable":true,"href":"http:\/\/heimatverein.he-webpack.de\/index.php?rest_route=%2Fwp%2Fv2%2Fcategories&post=7298"},{"taxonomy":"post_tag","embeddable":true,"href":"http:\/\/heimatverein.he-webpack.de\/index.php?rest_route=%2Fwp%2Fv2%2Ftags&post=7298"}],"curies":[{"name":"wp","href":"https:\/\/api.w.org\/{rel}","templated":true}]}}