{"id":7207,"date":"2017-07-09T20:51:27","date_gmt":"2017-07-09T18:51:27","guid":{"rendered":"http:\/\/heimatverein.he-webpack.de\/?p=7207"},"modified":"2017-07-10T13:00:18","modified_gmt":"2017-07-10T11:00:18","slug":"plattproater-kaffee-und-heimattag-in-breddenberg","status":"publish","type":"post","link":"http:\/\/heimatverein.he-webpack.de\/?p=7207","title":{"rendered":"Plattproater Kaffee &#8211; und Heimattag in Breddenberg"},"content":{"rendered":"<p><a href=\"http:\/\/heimatverein.he-webpack.de\/wp-content\/uploads\/2017\/07\/Bredd-Heimattag1600.jpg\" rel=\"attachment wp-att-7232\" rel=\"lightbox[7207]\"><img loading=\"lazy\" decoding=\"async\" src=\"http:\/\/heimatverein.he-webpack.de\/wp-content\/uploads\/2017\/07\/Bredd-Heimattag1600-269x300.jpg\" alt=\"Bredd Heimattag1600\" width=\"200\" height=\"240\" class=\"alignleft size-medium wp-image-7232\" \/><\/a>09.07.2017 UB &#8211; Einen arbeitsreichen Tag hatte der Heimatverein B\u00f6rger heute. Man unterst\u00fctzte den befreundeten Nachbarverein beim Heimattag in Breddenberg mit einem Stand zum Thema &#8222;<strong>Familienforschung im alten Kirchspiel B\u00f6rger<\/strong>&#8222;. Bei sch\u00f6nem Sommerwetter wurde den G\u00e4sten des Heimatvereins Breddenberg, bei guter Beteiligung, einiges geboten. Aus B\u00f6rger waren auch die <strong>St\u00e4weldanzer<\/strong> mit von der Partie (Foto: Alois Ubbenjans)<\/p>\n<p>und<br \/>\n<a href=\"http:\/\/heimatverein.he-webpack.de\/?page_id=7252&amp;preview=true\" rel=\"attachment wp-att-3208\"><img loading=\"lazy\" decoding=\"async\" src=\"http:\/\/heimatverein.he-webpack.de\/wp-content\/uploads\/2013\/10\/Kaffee-u-Kuchen-im-HH-B\u00f6rger-200x150.jpg\" alt=\"Kaffee u Kuchen im HH B\u00f6rger\" width=\"200\" height=\"150\" class=\"alignright size-thumbnail wp-image-3208\" \/><\/a><br \/>\nim Heimathaus B\u00f6rger war gleichzeitig wieder <strong>Plattproater Kaffee<\/strong> (am 2. Sonntag im Monat von 14.00 &#8211; 17.30 Uhr), und hier war &#8222;Volles Haus&#8220;. Auch hier arbeitete der HV, der Arbeitskreis &#8222;Heimathauswirtschaft&#8220; das ganze Wochenende f\u00fcr die G\u00e4ste des HV im Walkem\u00fcllerhaus am Sonntag. 13 feinste Torten und weiteres Feingeb\u00e4ck stand zur Auswahl. Bei wundersch\u00f6nem Sommerwetter (warm, mit leichter Brise) machte man es sich auch unter den Eichen an den Teichen, drau\u00dfen, gem\u00fctlich. <\/p>\n","protected":false},"excerpt":{"rendered":"<p>09.07.2017 UB &#8211; Einen arbeitsreichen Tag hatte der Heimatverein B\u00f6rger heute. Man unterst\u00fctzte den befreundeten Nachbarverein beim Heimattag in Breddenberg mit einem Stand zum Thema &#8222;Familienforschung im alten Kirchspiel B\u00f6rger&#8222;. Bei sch\u00f6nem Sommerwetter wurde den G\u00e4sten des Heimatvereins Breddenberg, bei guter Beteiligung, einiges geboten. Aus B\u00f6rger waren auch die St\u00e4weldanzer mit von der Partie (Foto: [&#8230;]<\/p>\n","protected":false},"author":2,"featured_media":0,"comment_status":"closed","ping_status":"open","sticky":false,"template":"","format":"standard","meta":{"ngg_post_thumbnail":0,"footnotes":""},"categories":[3],"tags":[],"class_list":["post-7207","post","type-post","status-publish","format-standard","hentry","category-neuigkeiten","odd"],"_links":{"self":[{"href":"http:\/\/heimatverein.he-webpack.de\/index.php?rest_route=\/wp\/v2\/posts\/7207","targetHints":{"allow":["GET"]}}],"collection":[{"href":"http:\/\/heimatverein.he-webpack.de\/index.php?rest_route=\/wp\/v2\/posts"}],"about":[{"href":"http:\/\/heimatverein.he-webpack.de\/index.php?rest_route=\/wp\/v2\/types\/post"}],"author":[{"embeddable":true,"href":"http:\/\/heimatverein.he-webpack.de\/index.php?rest_route=\/wp\/v2\/users\/2"}],"replies":[{"embeddable":true,"href":"http:\/\/heimatverein.he-webpack.de\/index.php?rest_route=%2Fwp%2Fv2%2Fcomments&post=7207"}],"version-history":[{"count":49,"href":"http:\/\/heimatverein.he-webpack.de\/index.php?rest_route=\/wp\/v2\/posts\/7207\/revisions"}],"predecessor-version":[{"id":7211,"href":"http:\/\/heimatverein.he-webpack.de\/index.php?rest_route=\/wp\/v2\/posts\/7207\/revisions\/7211"}],"wp:attachment":[{"href":"http:\/\/heimatverein.he-webpack.de\/index.php?rest_route=%2Fwp%2Fv2%2Fmedia&parent=7207"}],"wp:term":[{"taxonomy":"category","embeddable":true,"href":"http:\/\/heimatverein.he-webpack.de\/index.php?rest_route=%2Fwp%2Fv2%2Fcategories&post=7207"},{"taxonomy":"post_tag","embeddable":true,"href":"http:\/\/heimatverein.he-webpack.de\/index.php?rest_route=%2Fwp%2Fv2%2Ftags&post=7207"}],"curies":[{"name":"wp","href":"https:\/\/api.w.org\/{rel}","templated":true}]}}