{"id":7192,"date":"2017-06-30T11:18:07","date_gmt":"2017-06-30T09:18:07","guid":{"rendered":"http:\/\/heimatverein.he-webpack.de\/?p=7192"},"modified":"2017-06-30T12:06:18","modified_gmt":"2017-06-30T10:06:18","slug":"erste-schulentlassung-an-der-fsh-in-boerger","status":"publish","type":"post","link":"http:\/\/heimatverein.he-webpack.de\/?p=7192","title":{"rendered":"Erste Schulentlassung an der FSH in B\u00f6rger"},"content":{"rendered":"<p><div id=\"attachment_7193\" style=\"width: 310px\" class=\"wp-caption alignright\"><a href=\"http:\/\/heimatverein.he-webpack.de\/wp-content\/uploads\/2017\/06\/FSH-Entlass-2017-2400.jpg\" rel=\"attachment wp-att-7193\" rel=\"lightbox[7192]\"><img loading=\"lazy\" decoding=\"async\" aria-describedby=\"caption-attachment-7193\" src=\"http:\/\/heimatverein.he-webpack.de\/wp-content\/uploads\/2017\/06\/FSH-Entlass-2017-2400-300x193.jpg\" alt=\"Entlassung an der Freien Realschule H\u00fcmmling\" width=\"300\" height=\"193\" class=\"size-medium wp-image-7193\" srcset=\"http:\/\/heimatverein.he-webpack.de\/wp-content\/uploads\/2017\/06\/FSH-Entlass-2017-2400-300x193.jpg 300w, http:\/\/heimatverein.he-webpack.de\/wp-content\/uploads\/2017\/06\/FSH-Entlass-2017-2400-768x494.jpg 768w, http:\/\/heimatverein.he-webpack.de\/wp-content\/uploads\/2017\/06\/FSH-Entlass-2017-2400-1024x658.jpg 1024w, http:\/\/heimatverein.he-webpack.de\/wp-content\/uploads\/2017\/06\/FSH-Entlass-2017-2400-150x96.jpg 150w, http:\/\/heimatverein.he-webpack.de\/wp-content\/uploads\/2017\/06\/FSH-Entlass-2017-2400-400x257.jpg 400w\" sizes=\"auto, (max-width: 300px) 100vw, 300px\" \/><\/a><p id=\"caption-attachment-7193\" class=\"wp-caption-text\">Entlassung an der Freien Realschule H\u00fcmmling<\/p><\/div>30.06.2017 UB &#8211; (Pressetext 18.06.17) &#8211; Am Freitag, den 16. Juni 2017, erhielten erstmalig Realsch\u00fcler der <strong>Freien Realschule H\u00fcmmling (FSH) <\/strong>, ihre Zeugnisse. Die Schulgemeinschaft aus Sch\u00fclern, Lehrern und Eltern hatte allen Grund zum Feiern. Denn der erste Abschluss an der vor sieben Jahren neu gegr\u00fcndeten, staatlich anerkannten Realschule war gleich ein voller Erfolg. Alle Sch\u00fcler der Abschlussklasse verlassen die Schule mit einem Realschulabschluss, mehr als die H\u00e4lfte von ihnen sogar mit einem qualifizierten Realschulabschluss. Im Rahmen der sehr gelungenen Abschlussfeier brachten auch die G\u00e4ste aus den Familien, aus der Freien Schulgesellschaft H\u00fcmmling (FSH), aus dem Kuratorium der FSH, seitens der Kirchengemeinden und der Gemeinde B\u00f6rger sowie seitens der Grundschule B\u00f6rger ihre Anerkennung zum Ausdruck und w\u00fcnschten den Abschlusssch\u00fclern f\u00fcr ihre nun neu einzuschlagenden Wege alles erdenklich Gute. Alle Beteiligten waren sich einig, dass man auf das gemeinsam Erreichte stolz sein k\u00f6nne. <\/p>\n<p>Der Abschlussklasse geh\u00f6ren folgende Sch\u00fcler an: Lilith Br\u00fcggemann, Nina D\u00fcthmann, Marina Jansen, Christian Kr\u00f6ger, Hannes Langen, Kirsten Lindemann, Lukas L\u00fcckenjans, Timo M\u00f6ring, Hendrik Munk.<\/p>\n","protected":false},"excerpt":{"rendered":"<p><p id=\"caption-attachment-7193\" class=\"wp-caption-text\">Entlassung an der Freien Realschule H\u00fcmmling<\/p>\n<p>30.06.2017 UB &#8211; (Pressetext 18.06.17) &#8211; Am Freitag, den 16. Juni 2017, erhielten erstmalig Realsch\u00fcler der Freien Realschule H\u00fcmmling (FSH) , ihre Zeugnisse. Die Schulgemeinschaft aus Sch\u00fclern, Lehrern und Eltern hatte allen Grund zum Feiern. Denn der erste Abschluss an der vor sieben Jahren neu gegr\u00fcndeten, staatlich anerkannten [&#8230;]<\/p>\n","protected":false},"author":2,"featured_media":0,"comment_status":"closed","ping_status":"open","sticky":false,"template":"","format":"standard","meta":{"ngg_post_thumbnail":0,"footnotes":""},"categories":[3],"tags":[],"class_list":["post-7192","post","type-post","status-publish","format-standard","hentry","category-neuigkeiten","odd"],"_links":{"self":[{"href":"http:\/\/heimatverein.he-webpack.de\/index.php?rest_route=\/wp\/v2\/posts\/7192","targetHints":{"allow":["GET"]}}],"collection":[{"href":"http:\/\/heimatverein.he-webpack.de\/index.php?rest_route=\/wp\/v2\/posts"}],"about":[{"href":"http:\/\/heimatverein.he-webpack.de\/index.php?rest_route=\/wp\/v2\/types\/post"}],"author":[{"embeddable":true,"href":"http:\/\/heimatverein.he-webpack.de\/index.php?rest_route=\/wp\/v2\/users\/2"}],"replies":[{"embeddable":true,"href":"http:\/\/heimatverein.he-webpack.de\/index.php?rest_route=%2Fwp%2Fv2%2Fcomments&post=7192"}],"version-history":[{"count":9,"href":"http:\/\/heimatverein.he-webpack.de\/index.php?rest_route=\/wp\/v2\/posts\/7192\/revisions"}],"predecessor-version":[{"id":7195,"href":"http:\/\/heimatverein.he-webpack.de\/index.php?rest_route=\/wp\/v2\/posts\/7192\/revisions\/7195"}],"wp:attachment":[{"href":"http:\/\/heimatverein.he-webpack.de\/index.php?rest_route=%2Fwp%2Fv2%2Fmedia&parent=7192"}],"wp:term":[{"taxonomy":"category","embeddable":true,"href":"http:\/\/heimatverein.he-webpack.de\/index.php?rest_route=%2Fwp%2Fv2%2Fcategories&post=7192"},{"taxonomy":"post_tag","embeddable":true,"href":"http:\/\/heimatverein.he-webpack.de\/index.php?rest_route=%2Fwp%2Fv2%2Ftags&post=7192"}],"curies":[{"name":"wp","href":"https:\/\/api.w.org\/{rel}","templated":true}]}}