{"id":7182,"date":"2017-06-29T20:14:01","date_gmt":"2017-06-29T18:14:01","guid":{"rendered":"http:\/\/heimatverein.he-webpack.de\/?p=7182"},"modified":"2017-06-29T21:22:02","modified_gmt":"2017-06-29T19:22:02","slug":"ferienspassaktion-2-teil","status":"publish","type":"post","link":"http:\/\/heimatverein.he-webpack.de\/?p=7182","title":{"rendered":"Ferien(s)pa\u00dfaktion 2. Teil"},"content":{"rendered":"<p><a href=\"http:\/\/heimatverein.he-webpack.de\/wp-content\/uploads\/2017\/06\/Ferienpass-2-Teil-2400.jpg\" rel=\"attachment wp-att-7183\" rel=\"lightbox[7182]\"><img loading=\"lazy\" decoding=\"async\" src=\"http:\/\/heimatverein.he-webpack.de\/wp-content\/uploads\/2017\/06\/Ferienpass-2-Teil-2400-300x183.jpg\" alt=\"Ferienpass 2 Teil 2400\" width=\"300\" height=\"183\" class=\"alignleft size-medium wp-image-7183\" srcset=\"http:\/\/heimatverein.he-webpack.de\/wp-content\/uploads\/2017\/06\/Ferienpass-2-Teil-2400-300x183.jpg 300w, http:\/\/heimatverein.he-webpack.de\/wp-content\/uploads\/2017\/06\/Ferienpass-2-Teil-2400-768x469.jpg 768w, http:\/\/heimatverein.he-webpack.de\/wp-content\/uploads\/2017\/06\/Ferienpass-2-Teil-2400-1024x625.jpg 1024w, http:\/\/heimatverein.he-webpack.de\/wp-content\/uploads\/2017\/06\/Ferienpass-2-Teil-2400-150x92.jpg 150w, http:\/\/heimatverein.he-webpack.de\/wp-content\/uploads\/2017\/06\/Ferienpass-2-Teil-2400-400x244.jpg 400w\" sizes=\"auto, (max-width: 300px) 100vw, 300px\" \/><\/a>29.06.2017 UB &#8211; Die Kinder kamen aus den umliegenden Orten Spahnharrenst\u00e4tte, Esterwegen, Werlte, S\u00f6gel, Wippingen, sogar Sedelsberg und B\u00f6rger und fertigen im Rahmen der Ferienpassaktion in der Zehntscheune in B\u00f6rger ein <strong>&#8222;Vogelh\u00e4uschen f\u00fcr Zuhause&#8220;<\/strong>. Eine bunt zusammen gew\u00fcrfelte Gruppe, die im Trockenen in der Zehntscheune an diesem Tag bei st\u00f6menden Regen ein paar sch\u00f6ne Stunden verbrachten. Auch f\u00fcr das leibliche Wohl war gesorgt. Einige Kinder, besonders die beiden jungen M\u00e4dchen stellten sich als gewifte Handwerker heraus. Die Bilder dieser Ferienpa\u00dfaktion k\u00f6nnen von den Eltern von dieser Seite heruntergeladen werden. Auch uns, die Betreuergruppe, Foto: Hermann Ubbenjans, Hermann T\u00f6bben (li. im Bild hinten), Gerd Hanenkamp (2. v.li.), Hermann Schmitz (2. v.re.) und Stefan Sievers (re.), hat es Spa\u00df gemacht und wir werden diese Aktion wohl im n\u00e4chsten Jahr wiederholen.<\/p>\n","protected":false},"excerpt":{"rendered":"<p>29.06.2017 UB &#8211; Die Kinder kamen aus den umliegenden Orten Spahnharrenst\u00e4tte, Esterwegen, Werlte, S\u00f6gel, Wippingen, sogar Sedelsberg und B\u00f6rger und fertigen im Rahmen der Ferienpassaktion in der Zehntscheune in B\u00f6rger ein &#8222;Vogelh\u00e4uschen f\u00fcr Zuhause&#8220;. Eine bunt zusammen gew\u00fcrfelte Gruppe, die im Trockenen in der Zehntscheune an diesem Tag bei st\u00f6menden Regen ein paar sch\u00f6ne Stunden [&#8230;]<\/p>\n","protected":false},"author":2,"featured_media":0,"comment_status":"closed","ping_status":"open","sticky":false,"template":"","format":"standard","meta":{"ngg_post_thumbnail":0,"footnotes":""},"categories":[3],"tags":[],"class_list":["post-7182","post","type-post","status-publish","format-standard","hentry","category-neuigkeiten","odd"],"_links":{"self":[{"href":"http:\/\/heimatverein.he-webpack.de\/index.php?rest_route=\/wp\/v2\/posts\/7182","targetHints":{"allow":["GET"]}}],"collection":[{"href":"http:\/\/heimatverein.he-webpack.de\/index.php?rest_route=\/wp\/v2\/posts"}],"about":[{"href":"http:\/\/heimatverein.he-webpack.de\/index.php?rest_route=\/wp\/v2\/types\/post"}],"author":[{"embeddable":true,"href":"http:\/\/heimatverein.he-webpack.de\/index.php?rest_route=\/wp\/v2\/users\/2"}],"replies":[{"embeddable":true,"href":"http:\/\/heimatverein.he-webpack.de\/index.php?rest_route=%2Fwp%2Fv2%2Fcomments&post=7182"}],"version-history":[{"count":8,"href":"http:\/\/heimatverein.he-webpack.de\/index.php?rest_route=\/wp\/v2\/posts\/7182\/revisions"}],"predecessor-version":[{"id":7185,"href":"http:\/\/heimatverein.he-webpack.de\/index.php?rest_route=\/wp\/v2\/posts\/7182\/revisions\/7185"}],"wp:attachment":[{"href":"http:\/\/heimatverein.he-webpack.de\/index.php?rest_route=%2Fwp%2Fv2%2Fmedia&parent=7182"}],"wp:term":[{"taxonomy":"category","embeddable":true,"href":"http:\/\/heimatverein.he-webpack.de\/index.php?rest_route=%2Fwp%2Fv2%2Fcategories&post=7182"},{"taxonomy":"post_tag","embeddable":true,"href":"http:\/\/heimatverein.he-webpack.de\/index.php?rest_route=%2Fwp%2Fv2%2Ftags&post=7182"}],"curies":[{"name":"wp","href":"https:\/\/api.w.org\/{rel}","templated":true}]}}