{"id":7172,"date":"2017-06-28T21:20:18","date_gmt":"2017-06-28T19:20:18","guid":{"rendered":"http:\/\/heimatverein.he-webpack.de\/?p=7172"},"modified":"2017-07-02T17:52:49","modified_gmt":"2017-07-02T15:52:49","slug":"barrierefreier-zugang","status":"publish","type":"post","link":"http:\/\/heimatverein.he-webpack.de\/?p=7172","title":{"rendered":"Barrierefreier Zugang"},"content":{"rendered":"<p><a href=\"http:\/\/heimatverein.he-webpack.de\/wp-content\/uploads\/2017\/06\/HH-6.17.jpg\" rel=\"attachment wp-att-7173\" rel=\"lightbox[7172]\"><img loading=\"lazy\" decoding=\"async\" src=\"http:\/\/heimatverein.he-webpack.de\/wp-content\/uploads\/2017\/06\/HH-6.17-283x300.jpg\" alt=\"HH 6.17\" width=\"283\" height=\"300\" class=\"alignright size-medium wp-image-7173\" srcset=\"http:\/\/heimatverein.he-webpack.de\/wp-content\/uploads\/2017\/06\/HH-6.17-283x300.jpg 283w, http:\/\/heimatverein.he-webpack.de\/wp-content\/uploads\/2017\/06\/HH-6.17-142x150.jpg 142w, http:\/\/heimatverein.he-webpack.de\/wp-content\/uploads\/2017\/06\/HH-6.17-400x423.jpg 400w, http:\/\/heimatverein.he-webpack.de\/wp-content\/uploads\/2017\/06\/HH-6.17.jpg 600w\" sizes=\"auto, (max-width: 283px) 100vw, 283px\" \/><\/a>28.06.2017 UB &#8211; Gerd Hanenkamp und Stefan Sievers machten das B\u00f6rger Heimathaus in den letzten Tagen komplett barrierefrei. Die Stufen an der Seitent\u00fcr wurde einseitig abfallend verlegt und das Heimathaus so f\u00fcr Rollis hier zug\u00e4ngig gemacht, da das Haupttor, das ebenerdig ist nicht immer offen steht. <\/p>\n<p>Und auch an der Zehntscheune geht es weiter. Die Firma B\u00fcter die das g\u00fcnstigste Angebot abgab, ist im Moment dabei das Geb\u00e4ude zu verfugen. Dann soll die Pflasterungen der Wege (eine sch\u00f6ne Sommerarbeit), in Eigenleistung wieder hergestellt werden. <\/p>\n<p>Der baubegleitende Architekt ist dabei verschiedene Gewerke auszuschreiben (Anschl\u00fcsse, Elektro, Sanit\u00e4r\/Strom) und der Boden des OG mu\u00df angekauft und verlegt werden. Beim Einbau brauchen wir dann noch Helfer. Welcher Bauhandwerker oder handwerklich versierter Laie hat Lust im Juli oder August mit anzupacken, damit das Werk gelingt?<\/p>\n<blockquote><p><strong>Spendenkonto des Heimatverein B\u00f6rger Betr.: Zehntscheune 10082002 BLZ 28069706<br \/>\nbei der Volksbank Nordh\u00fcmmling in B\u00f6rger IBAN: DE34280697060010082002 BIC:GENODEF1BOG<\/strong><\/p><\/blockquote>\n","protected":false},"excerpt":{"rendered":"<p>28.06.2017 UB &#8211; Gerd Hanenkamp und Stefan Sievers machten das B\u00f6rger Heimathaus in den letzten Tagen komplett barrierefrei. Die Stufen an der Seitent\u00fcr wurde einseitig abfallend verlegt und das Heimathaus so f\u00fcr Rollis hier zug\u00e4ngig gemacht, da das Haupttor, das ebenerdig ist nicht immer offen steht. <\/p>\n<p>Und auch an der Zehntscheune geht es weiter. [&#8230;]<\/p>\n","protected":false},"author":2,"featured_media":0,"comment_status":"closed","ping_status":"open","sticky":false,"template":"","format":"standard","meta":{"ngg_post_thumbnail":0,"footnotes":""},"categories":[3],"tags":[],"class_list":["post-7172","post","type-post","status-publish","format-standard","hentry","category-neuigkeiten","odd"],"_links":{"self":[{"href":"http:\/\/heimatverein.he-webpack.de\/index.php?rest_route=\/wp\/v2\/posts\/7172","targetHints":{"allow":["GET"]}}],"collection":[{"href":"http:\/\/heimatverein.he-webpack.de\/index.php?rest_route=\/wp\/v2\/posts"}],"about":[{"href":"http:\/\/heimatverein.he-webpack.de\/index.php?rest_route=\/wp\/v2\/types\/post"}],"author":[{"embeddable":true,"href":"http:\/\/heimatverein.he-webpack.de\/index.php?rest_route=\/wp\/v2\/users\/2"}],"replies":[{"embeddable":true,"href":"http:\/\/heimatverein.he-webpack.de\/index.php?rest_route=%2Fwp%2Fv2%2Fcomments&post=7172"}],"version-history":[{"count":10,"href":"http:\/\/heimatverein.he-webpack.de\/index.php?rest_route=\/wp\/v2\/posts\/7172\/revisions"}],"predecessor-version":[{"id":7175,"href":"http:\/\/heimatverein.he-webpack.de\/index.php?rest_route=\/wp\/v2\/posts\/7172\/revisions\/7175"}],"wp:attachment":[{"href":"http:\/\/heimatverein.he-webpack.de\/index.php?rest_route=%2Fwp%2Fv2%2Fmedia&parent=7172"}],"wp:term":[{"taxonomy":"category","embeddable":true,"href":"http:\/\/heimatverein.he-webpack.de\/index.php?rest_route=%2Fwp%2Fv2%2Fcategories&post=7172"},{"taxonomy":"post_tag","embeddable":true,"href":"http:\/\/heimatverein.he-webpack.de\/index.php?rest_route=%2Fwp%2Fv2%2Ftags&post=7172"}],"curies":[{"name":"wp","href":"https:\/\/api.w.org\/{rel}","templated":true}]}}