{"id":7161,"date":"2017-06-26T23:35:27","date_gmt":"2017-06-26T21:35:27","guid":{"rendered":"http:\/\/heimatverein.he-webpack.de\/?p=7161"},"modified":"2017-06-26T23:54:50","modified_gmt":"2017-06-26T21:54:50","slug":"ferienpassaktion-auf-dem-heimathof","status":"publish","type":"post","link":"http:\/\/heimatverein.he-webpack.de\/?p=7161","title":{"rendered":"Ferienpa\u00dfaktion auf dem Heimathof"},"content":{"rendered":"<p><div id=\"attachment_7162\" style=\"width: 310px\" class=\"wp-caption alignleft\"><a href=\"http:\/\/heimatverein.he-webpack.de\/wp-content\/uploads\/2017\/06\/Ferienpassaktion-2400.jpg\" rel=\"attachment wp-att-7162\" rel=\"lightbox[7161]\"><img loading=\"lazy\" decoding=\"async\" aria-describedby=\"caption-attachment-7162\" src=\"http:\/\/heimatverein.he-webpack.de\/wp-content\/uploads\/2017\/06\/Ferienpassaktion-2400-300x189.jpg\" alt=\"Ferien(s)passaktion des Heimatverein B\u00f6rger e. V. ist das j\u00e4hrliche Vogelk\u00e4stenbauen am Heimathaus\" width=\"300\" height=\"189\" class=\"size-medium wp-image-7162\" srcset=\"http:\/\/heimatverein.he-webpack.de\/wp-content\/uploads\/2017\/06\/Ferienpassaktion-2400-300x189.jpg 300w, http:\/\/heimatverein.he-webpack.de\/wp-content\/uploads\/2017\/06\/Ferienpassaktion-2400-768x485.jpg 768w, http:\/\/heimatverein.he-webpack.de\/wp-content\/uploads\/2017\/06\/Ferienpassaktion-2400-1024x646.jpg 1024w, http:\/\/heimatverein.he-webpack.de\/wp-content\/uploads\/2017\/06\/Ferienpassaktion-2400-150x95.jpg 150w, http:\/\/heimatverein.he-webpack.de\/wp-content\/uploads\/2017\/06\/Ferienpassaktion-2400-400x253.jpg 400w\" sizes=\"auto, (max-width: 300px) 100vw, 300px\" \/><\/a><p id=\"caption-attachment-7162\" class=\"wp-caption-text\">Ferien(s)passaktion des Heimatverein B\u00f6rger e. V. ist das j\u00e4hrliche Vogelk\u00e4stenbauen am Heimathaus<\/p><\/div>26.06.2017 UB &#8211; Wie in jedem Jahr waren Schulkinder im Rahmen der Ferien(s)pa\u00dfaktion der H\u00fcmmling-Samtgemeinden, heute um 16.00 &#8211; 18.00 Uhr beim Heimatverein B\u00f6rger zu Gast. Bei einem ersten Termin war <strong>&#8222;Vogelk\u00e4sten bauen&#8220;<\/strong> angesagt. 19 Jungen und M\u00e4dchen waren dabei. Stolz zeigte man im Anschlu\u00df die selbst gefertigten Bauten. Hermann Schmitz hat diese Aktion vorbereitet. Am Donnerstag den 29.06.2017 um 16.00 Uhr ist eine zweite Gruppe am Start. Im Hintergrund sieht man Hermann T\u00f6bben (li), Gerd Hanenkamp und Hermann Schmitz (re.), die diese Gruppe mit Hermann Ubbenjans betreuten. Bevor die Eltern die Kinder nach ein paar Stunden wieder in Empfang nehmen konnten, gab es noch eine sch\u00f6ne Bratwurst &#8211; Foto: UB.<\/p>\n","protected":false},"excerpt":{"rendered":"<p><p id=\"caption-attachment-7162\" class=\"wp-caption-text\">Ferien(s)passaktion des Heimatverein B\u00f6rger e. V. ist das j\u00e4hrliche Vogelk\u00e4stenbauen am Heimathaus<\/p>\n<p>26.06.2017 UB &#8211; Wie in jedem Jahr waren Schulkinder im Rahmen der Ferien(s)pa\u00dfaktion der H\u00fcmmling-Samtgemeinden, heute um 16.00 &#8211; 18.00 Uhr beim Heimatverein B\u00f6rger zu Gast. Bei einem ersten Termin war &#8222;Vogelk\u00e4sten bauen&#8220; angesagt. 19 Jungen und M\u00e4dchen waren dabei. Stolz zeigte [&#8230;]<\/p>\n","protected":false},"author":2,"featured_media":0,"comment_status":"closed","ping_status":"open","sticky":false,"template":"","format":"standard","meta":{"ngg_post_thumbnail":0,"footnotes":""},"categories":[3],"tags":[],"class_list":["post-7161","post","type-post","status-publish","format-standard","hentry","category-neuigkeiten","odd"],"_links":{"self":[{"href":"http:\/\/heimatverein.he-webpack.de\/index.php?rest_route=\/wp\/v2\/posts\/7161","targetHints":{"allow":["GET"]}}],"collection":[{"href":"http:\/\/heimatverein.he-webpack.de\/index.php?rest_route=\/wp\/v2\/posts"}],"about":[{"href":"http:\/\/heimatverein.he-webpack.de\/index.php?rest_route=\/wp\/v2\/types\/post"}],"author":[{"embeddable":true,"href":"http:\/\/heimatverein.he-webpack.de\/index.php?rest_route=\/wp\/v2\/users\/2"}],"replies":[{"embeddable":true,"href":"http:\/\/heimatverein.he-webpack.de\/index.php?rest_route=%2Fwp%2Fv2%2Fcomments&post=7161"}],"version-history":[{"count":7,"href":"http:\/\/heimatverein.he-webpack.de\/index.php?rest_route=\/wp\/v2\/posts\/7161\/revisions"}],"predecessor-version":[{"id":7164,"href":"http:\/\/heimatverein.he-webpack.de\/index.php?rest_route=\/wp\/v2\/posts\/7161\/revisions\/7164"}],"wp:attachment":[{"href":"http:\/\/heimatverein.he-webpack.de\/index.php?rest_route=%2Fwp%2Fv2%2Fmedia&parent=7161"}],"wp:term":[{"taxonomy":"category","embeddable":true,"href":"http:\/\/heimatverein.he-webpack.de\/index.php?rest_route=%2Fwp%2Fv2%2Fcategories&post=7161"},{"taxonomy":"post_tag","embeddable":true,"href":"http:\/\/heimatverein.he-webpack.de\/index.php?rest_route=%2Fwp%2Fv2%2Ftags&post=7161"}],"curies":[{"name":"wp","href":"https:\/\/api.w.org\/{rel}","templated":true}]}}