{"id":7134,"date":"2017-06-11T20:53:33","date_gmt":"2017-06-11T18:53:33","guid":{"rendered":"http:\/\/heimatverein.he-webpack.de\/?p=7134"},"modified":"2017-06-26T23:44:28","modified_gmt":"2017-06-26T21:44:28","slug":"regenbogen-ueber-dem-eschkreuz","status":"publish","type":"post","link":"http:\/\/heimatverein.he-webpack.de\/?p=7134","title":{"rendered":"Regenbogen \u00fcber dem Eschkreuz"},"content":{"rendered":"<div id=\"attachment_7135\" style=\"width: 650px\" class=\"wp-caption left\"><a href=\"http:\/\/heimatverein.he-webpack.de\/wp-content\/uploads\/2017\/06\/Regenbogen-\u00fcber-UbbenKrues.jpg\" rel=\"attachment wp-att-7135\"><img loading=\"lazy\" decoding=\"async\" aria-describedby=\"caption-attachment-7135\" src=\"http:\/\/heimatverein.he-webpack.de\/wp-content\/uploads\/2017\/06\/Regenbogen-\u00fcber-UbbenKrues-1024x662.jpg\" alt=\"Regenb\u00f6gen bei Sommersturm 06. Juni 2017 um 21.10 Uhr an Ubben-Kr\u00fcs, B\u00f6rger Esch.\" width=\"600\" height=\"320\" class=\"size-large wp-image-7135\" \/><\/a><p id=\"caption-attachment-7135\" class=\"wp-caption-text\">Regenb\u00f6gen bei Sommersturm 06. Juni 2017 um 21.10 Uhr an Ubben-Kr\u00fcs, B\u00f6rger Esch (Foto: UB).<\/p><\/div>\n","protected":false},"excerpt":{"rendered":"<p id=\"caption-attachment-7135\" class=\"wp-caption-text\">Regenb\u00f6gen bei Sommersturm 06. Juni 2017 um 21.10 Uhr an Ubben-Kr\u00fcs, B\u00f6rger Esch (Foto: UB).<\/p>\n","protected":false},"author":2,"featured_media":0,"comment_status":"closed","ping_status":"open","sticky":false,"template":"","format":"standard","meta":{"ngg_post_thumbnail":0,"footnotes":""},"categories":[3],"tags":[],"class_list":["post-7134","post","type-post","status-publish","format-standard","hentry","category-neuigkeiten","odd"],"_links":{"self":[{"href":"http:\/\/heimatverein.he-webpack.de\/index.php?rest_route=\/wp\/v2\/posts\/7134","targetHints":{"allow":["GET"]}}],"collection":[{"href":"http:\/\/heimatverein.he-webpack.de\/index.php?rest_route=\/wp\/v2\/posts"}],"about":[{"href":"http:\/\/heimatverein.he-webpack.de\/index.php?rest_route=\/wp\/v2\/types\/post"}],"author":[{"embeddable":true,"href":"http:\/\/heimatverein.he-webpack.de\/index.php?rest_route=\/wp\/v2\/users\/2"}],"replies":[{"embeddable":true,"href":"http:\/\/heimatverein.he-webpack.de\/index.php?rest_route=%2Fwp%2Fv2%2Fcomments&post=7134"}],"version-history":[{"count":7,"href":"http:\/\/heimatverein.he-webpack.de\/index.php?rest_route=\/wp\/v2\/posts\/7134\/revisions"}],"predecessor-version":[{"id":7167,"href":"http:\/\/heimatverein.he-webpack.de\/index.php?rest_route=\/wp\/v2\/posts\/7134\/revisions\/7167"}],"wp:attachment":[{"href":"http:\/\/heimatverein.he-webpack.de\/index.php?rest_route=%2Fwp%2Fv2%2Fmedia&parent=7134"}],"wp:term":[{"taxonomy":"category","embeddable":true,"href":"http:\/\/heimatverein.he-webpack.de\/index.php?rest_route=%2Fwp%2Fv2%2Fcategories&post=7134"},{"taxonomy":"post_tag","embeddable":true,"href":"http:\/\/heimatverein.he-webpack.de\/index.php?rest_route=%2Fwp%2Fv2%2Ftags&post=7134"}],"curies":[{"name":"wp","href":"https:\/\/api.w.org\/{rel}","templated":true}]}}