{"id":7081,"date":"2017-05-24T00:06:29","date_gmt":"2017-05-23T22:06:29","guid":{"rendered":"http:\/\/heimatverein.he-webpack.de\/?p=7081"},"modified":"2017-05-26T14:10:12","modified_gmt":"2017-05-26T12:10:12","slug":"arbeitsauftakt-und-pr-termin","status":"publish","type":"post","link":"http:\/\/heimatverein.he-webpack.de\/?p=7081","title":{"rendered":"Arbeitsauftakt und PR-Termin"},"content":{"rendered":"<p><div id=\"attachment_7082\" style=\"width: 210px\" class=\"wp-caption alignright\"><a href=\"http:\/\/heimatverein.he-webpack.de\/wp-content\/uploads\/2017\/05\/Auftakt-IIBA-quer1200.jpg\" rel=\"attachment wp-att-7082\" rel=\"lightbox[7081]\"><img loading=\"lazy\" decoding=\"async\" aria-describedby=\"caption-attachment-7082\" src=\"http:\/\/heimatverein.he-webpack.de\/wp-content\/uploads\/2017\/05\/Auftakt-IIBA-quer1200-200x150.jpg\" alt=\"Baubesprechung zu Beginn der Arbeiten &quot;Ausbau Zehntscheune B\u00f6rger&quot;\" width=\"200\" height=\"150\" class=\"size-thumbnail wp-image-7082\" \/><\/a><p id=\"caption-attachment-7082\" class=\"wp-caption-text\">Baubesprechung zu Beginn der Arbeiten<br \/>&#8222;Ausbau Zehntscheune B\u00f6rger&#8220;<\/p><\/div>23.05.2017 UB &#8211; Mit einer letzten Absprache zwischen Gemeindeverwaltung, dem Bauamt der Samtgemeinde, dem Regionalmanager und dem Heimatverein am heutigen Nachmittag auf dem Heimathof B\u00f6rger, beginnen die <strong>Bauma\u00dfnahmen zum Ausbau der Zehntscheune<\/strong>. Lange lag diese Baustelle &#8222;In Ruhe&#8220;, weil man den Zuwendungsbescheid abwarten musste. Der Zuwendungsbescheid ist Ende M\u00e4rz 2017 erteilt, erkl\u00e4rte Willi Sap von der Genehmigungsbeh\u00f6rde. <\/p>\n<p>In Anwesenheit der Presse begr\u00fc\u00dfte Gemeindedirektor Johannes M\u00fcller die G\u00e4ste im Walkem\u00fcllerhaus des Heimathofes in B\u00f6rger. HV-Vorsitzende Hermann Schmitz erl\u00e4uterte die Zielsetzung des Projektes. Regionalmanager Ralf Deitermann erkl\u00e4rte die Konzeption der &#8222;LEADER-Projekte&#8220; H\u00fcmmling, die gut funktionieren. Durch Gelder der Europ\u00e4ischen Union wurde und wird die Region H\u00fcmmling gest\u00e4rkt. BauIng Werner Jansen und die Anwesenden informierten sich bei einem Rundgang bei den Verantwortlichen des Projektes \u00fcber erforderliche Erstmassnahmen und \u00c4nderungen. Jetzt kann es los gehen!<\/p>\n<p>Ein <a href=\"http:\/\/heimatverein.he-webpack.de\/?page_id=345\">Pressebericht in der EZ<\/a> erschien am 26.05.2017. Auf dem Bild ist die Gruppe vor dem Mehrzweckgeb\u00e4ude auf dem Heimathof B\u00f6rger zu sehen. Von links: Schriftf\u00fchrer Herm. T\u00f6bben, GemDir. Johannes M\u00fcller, Regiolnalmanager Ralf Deitermann, Bauleiter Stefan Sievers, Vorsitzender Herm. Schmitz (unten), Willy Sap von der Genehmigungsbeh\u00f6rde, BauIng. Werner Jansen von der SG-Verwaltung, und Verw.Angest. Hubert Jansen. (Foto: Herm. Ubbenjans)<\/p>\n","protected":false},"excerpt":{"rendered":"<p><p id=\"caption-attachment-7082\" class=\"wp-caption-text\">Baubesprechung zu Beginn der Arbeiten&#8222;Ausbau Zehntscheune B\u00f6rger&#8220;<\/p>\n<p>23.05.2017 UB &#8211; Mit einer letzten Absprache zwischen Gemeindeverwaltung, dem Bauamt der Samtgemeinde, dem Regionalmanager und dem Heimatverein am heutigen Nachmittag auf dem Heimathof B\u00f6rger, beginnen die Bauma\u00dfnahmen zum Ausbau der Zehntscheune. Lange lag diese Baustelle &#8222;In Ruhe&#8220;, weil man den Zuwendungsbescheid abwarten musste. Der Zuwendungsbescheid ist [&#8230;]<\/p>\n","protected":false},"author":2,"featured_media":0,"comment_status":"closed","ping_status":"open","sticky":false,"template":"","format":"standard","meta":{"ngg_post_thumbnail":0,"footnotes":""},"categories":[3],"tags":[],"class_list":["post-7081","post","type-post","status-publish","format-standard","hentry","category-neuigkeiten","odd"],"_links":{"self":[{"href":"http:\/\/heimatverein.he-webpack.de\/index.php?rest_route=\/wp\/v2\/posts\/7081","targetHints":{"allow":["GET"]}}],"collection":[{"href":"http:\/\/heimatverein.he-webpack.de\/index.php?rest_route=\/wp\/v2\/posts"}],"about":[{"href":"http:\/\/heimatverein.he-webpack.de\/index.php?rest_route=\/wp\/v2\/types\/post"}],"author":[{"embeddable":true,"href":"http:\/\/heimatverein.he-webpack.de\/index.php?rest_route=\/wp\/v2\/users\/2"}],"replies":[{"embeddable":true,"href":"http:\/\/heimatverein.he-webpack.de\/index.php?rest_route=%2Fwp%2Fv2%2Fcomments&post=7081"}],"version-history":[{"count":14,"href":"http:\/\/heimatverein.he-webpack.de\/index.php?rest_route=\/wp\/v2\/posts\/7081\/revisions"}],"predecessor-version":[{"id":7084,"href":"http:\/\/heimatverein.he-webpack.de\/index.php?rest_route=\/wp\/v2\/posts\/7081\/revisions\/7084"}],"wp:attachment":[{"href":"http:\/\/heimatverein.he-webpack.de\/index.php?rest_route=%2Fwp%2Fv2%2Fmedia&parent=7081"}],"wp:term":[{"taxonomy":"category","embeddable":true,"href":"http:\/\/heimatverein.he-webpack.de\/index.php?rest_route=%2Fwp%2Fv2%2Fcategories&post=7081"},{"taxonomy":"post_tag","embeddable":true,"href":"http:\/\/heimatverein.he-webpack.de\/index.php?rest_route=%2Fwp%2Fv2%2Ftags&post=7081"}],"curies":[{"name":"wp","href":"https:\/\/api.w.org\/{rel}","templated":true}]}}