{"id":6998,"date":"2017-04-08T22:24:35","date_gmt":"2017-04-08T20:24:35","guid":{"rendered":"http:\/\/heimatverein.he-webpack.de\/?p=6998"},"modified":"2017-04-08T22:28:44","modified_gmt":"2017-04-08T20:28:44","slug":"vivat-harm-2","status":"publish","type":"post","link":"http:\/\/heimatverein.he-webpack.de\/?p=6998","title":{"rendered":"Vivat Harm"},"content":{"rendered":"<p><div id=\"attachment_6999\" style=\"width: 210px\" class=\"wp-caption alignright\"><a href=\"http:\/\/heimatverein.he-webpack.de\/wp-content\/uploads\/2017\/04\/Hermann-Treffen1200.jpg\" rel=\"attachment wp-att-6999\" rel=\"lightbox[6998]\"><img loading=\"lazy\" decoding=\"async\" aria-describedby=\"caption-attachment-6999\" src=\"http:\/\/heimatverein.he-webpack.de\/wp-content\/uploads\/2017\/04\/Hermann-Treffen1200-200x150.jpg\" alt=\"Eine gesellige Runde bei &quot;JanGerdsine&quot; Am Opferstein\" width=\"200\" height=\"150\" class=\"size-thumbnail wp-image-6999\" \/><\/a><p id=\"caption-attachment-6999\" class=\"wp-caption-text\">Eine gesellige Runde bei &#8222;JanGerdsine&#8220; Am Opferstein<\/p><\/div>08.04.2017 UB \u2013 In einer geselligen Runde trafen sich die Herm\u00e4nner wieder und begingen den Namenstag mit einer kleinen Feier. In B\u00f6rger wohnen und leben Anfang 2015 noch 103 M\u00e4nner, Jugendliche und Kinder mit dem Vornamen Hermann. Dabei sind es wohl etwa 75, die den Namen als Hauptnamen und dann 28 weitere, die ihn als Zweitnamen f\u00fchren. In der Rangliste der h\u00e4ufigsten Namen ist er ganz oben in der Reihenfolge der h\u00e4ufigsten Namen in B\u00f6rger. Nach alter katholischer Ordnung war der 07. April der Namenstag des Heiligen Hermann. Dieser Tradition folgend wird am 07. April &#8211; HERMANN &#8211; gefeiert.<\/p>\n<p>Hermann war im Jahr 1891 der meistvergebene Jungenname in Deutschland und hielt sich bis in die 1910er Jahre unter den zehn am h\u00e4ufigst gegebenen Namen. Oft ist er in Verbindung mit einen Zweitnamen zu finden (Hermann Josef, Johann Hermann, Hermann-Heinrich). Seine Beliebtheit ging dann zun\u00e4chst langsam, nach dem II. Weltkrieg st\u00e4rker zur\u00fcck, seit den 1980er Jahren wird er gar selten.<\/p>\n<p>Wir haben in B\u00f6rger seit einigen Jahren wieder ein \u201eHermann-Treffen\u201c und wollen diese Tradition, die schon vor 20 Jahren kurz Bestand hatte und genau wie das Ulrichtreffen unterging, nach beachtenswerten Anf\u00e4ngen in den letzten Jahren aufleben lassen. Angeregt wurde von mehreren Beteiligten einen Tagesausflug zum Hermanndenkmal zu unternehmen k\u00f6nnte. Das soll im n\u00e4chsten Jahr (ein Samstag) stattfinden. Das Orga-Team hierzu ist mit H. Westendorf u H. Ubbenjans jun. schon dabei Vorbereitungen zu treffen. <\/p>\n","protected":false},"excerpt":{"rendered":"<p><p id=\"caption-attachment-6999\" class=\"wp-caption-text\">Eine gesellige Runde bei &#8222;JanGerdsine&#8220; Am Opferstein<\/p>\n<p>08.04.2017 UB \u2013 In einer geselligen Runde trafen sich die Herm\u00e4nner wieder und begingen den Namenstag mit einer kleinen Feier. In B\u00f6rger wohnen und leben Anfang 2015 noch 103 M\u00e4nner, Jugendliche und Kinder mit dem Vornamen Hermann. Dabei sind es wohl etwa 75, die den Namen als [&#8230;]<\/p>\n","protected":false},"author":2,"featured_media":0,"comment_status":"closed","ping_status":"open","sticky":false,"template":"","format":"standard","meta":{"ngg_post_thumbnail":0,"footnotes":""},"categories":[3],"tags":[],"class_list":["post-6998","post","type-post","status-publish","format-standard","hentry","category-neuigkeiten","odd"],"_links":{"self":[{"href":"http:\/\/heimatverein.he-webpack.de\/index.php?rest_route=\/wp\/v2\/posts\/6998","targetHints":{"allow":["GET"]}}],"collection":[{"href":"http:\/\/heimatverein.he-webpack.de\/index.php?rest_route=\/wp\/v2\/posts"}],"about":[{"href":"http:\/\/heimatverein.he-webpack.de\/index.php?rest_route=\/wp\/v2\/types\/post"}],"author":[{"embeddable":true,"href":"http:\/\/heimatverein.he-webpack.de\/index.php?rest_route=\/wp\/v2\/users\/2"}],"replies":[{"embeddable":true,"href":"http:\/\/heimatverein.he-webpack.de\/index.php?rest_route=%2Fwp%2Fv2%2Fcomments&post=6998"}],"version-history":[{"count":3,"href":"http:\/\/heimatverein.he-webpack.de\/index.php?rest_route=\/wp\/v2\/posts\/6998\/revisions"}],"predecessor-version":[{"id":7001,"href":"http:\/\/heimatverein.he-webpack.de\/index.php?rest_route=\/wp\/v2\/posts\/6998\/revisions\/7001"}],"wp:attachment":[{"href":"http:\/\/heimatverein.he-webpack.de\/index.php?rest_route=%2Fwp%2Fv2%2Fmedia&parent=6998"}],"wp:term":[{"taxonomy":"category","embeddable":true,"href":"http:\/\/heimatverein.he-webpack.de\/index.php?rest_route=%2Fwp%2Fv2%2Fcategories&post=6998"},{"taxonomy":"post_tag","embeddable":true,"href":"http:\/\/heimatverein.he-webpack.de\/index.php?rest_route=%2Fwp%2Fv2%2Ftags&post=6998"}],"curies":[{"name":"wp","href":"https:\/\/api.w.org\/{rel}","templated":true}]}}