{"id":6989,"date":"2017-04-06T18:00:56","date_gmt":"2017-04-06T16:00:56","guid":{"rendered":"http:\/\/heimatverein.he-webpack.de\/?p=6989"},"modified":"2017-04-06T18:07:31","modified_gmt":"2017-04-06T16:07:31","slug":"terminplanung-des-heimatverein","status":"publish","type":"post","link":"http:\/\/heimatverein.he-webpack.de\/?p=6989","title":{"rendered":"Terminplanung und anstehende Arbeiten des Heimatverein"},"content":{"rendered":"<p><a href=\"http:\/\/heimatverein.he-webpack.de\/wp-content\/uploads\/2015\/09\/Zehntsch-09.2015.jpg\" rel=\"attachment wp-att-5038\" rel=\"lightbox[6989]\"><img loading=\"lazy\" decoding=\"async\" src=\"http:\/\/heimatverein.he-webpack.de\/wp-content\/uploads\/2015\/09\/Zehntsch-09.2015-249x300.jpg\" alt=\"Zehntscheune im Sept. 2015\" width=\"249\" height=\"300\" class=\"alignleft size-medium wp-image-5038\" srcset=\"http:\/\/heimatverein.he-webpack.de\/wp-content\/uploads\/2015\/09\/Zehntsch-09.2015-249x300.jpg 249w, http:\/\/heimatverein.he-webpack.de\/wp-content\/uploads\/2015\/09\/Zehntsch-09.2015-850x1024.jpg 850w, http:\/\/heimatverein.he-webpack.de\/wp-content\/uploads\/2015\/09\/Zehntsch-09.2015.jpg 894w\" sizes=\"auto, (max-width: 249px) 100vw, 249px\" \/><\/a>06.04.2017 UB -Sonntag ist wieder Plattproater Cafe im Heimathaus. Bei hoffentlich sch\u00f6nem Vorfr\u00fchlingswetter nach einem Gang durch die Natur des Riegenbrink schmeckt der Cafe und die Torte noch besser. <\/p>\n<p>Und eine gute Nachricht erhielten wir Ende letzter Woche. Die <strong>ILEG\/LEADER-Gelder f\u00fcr das Bauvorhaben &#8222;Ausbau der Zehntscheune&#8220; <\/strong>f\u00fcr die Gemeinde B\u00f6rger, (dem Heimatverein), sind zur Verf\u00fcgung gestellt worden. Nun kann der Ausbau beginnen. In der n\u00e4chsten Woche wird sich das Bauteam unter Leitung von Ing. Werner Jansen und den Bauleuten mit dem Vorstand treffen um die Ma\u00dfnahmen zu koordinieren.<\/p>\n<p><strong>Weitere Termine: <\/strong><br \/>\n14. Mai 2017 So. 14.30 Uhr Heimathaus Plattproater Cafe<br \/>\n11. Juni 2017 So. 14.30 Uhr Heimathaus Plattproater Cafe<br \/>\n09. Juli 2017 So. 14.30 Uhr Heimathaus Plattproater  Cafe<br \/>\n13. Aug. 2017 So. 14.30 Uhr Heimathaus Plattproater Cafe<br \/>\n03. Sept. 2017 Ausflug des Heimatverein (Tagesfahrt ab Kirche)<br \/>\n10. Sept. 2017 So. 14.30 Uhr Heimathaus Plattproater Cafe<br \/>\n08. Okt. 2017 So. 14.30 Uhr Heimathaus Plattproater Cafe<br \/>\n12. Nov. 2017 So. 14.30 Uhr Heimathaus Plattproater Cafe<br \/>\n02. Dez. 2017 Sa. 20 Uhr Gr\u00fcnkohlessen und Vorstellg Use Borger &#8211; HH<br \/>\n07. Jan. 2018 So. 15.00 Uhr Heimathaus, Jahresempfang des HV<\/p>\n","protected":false},"excerpt":{"rendered":"<p>06.04.2017 UB -Sonntag ist wieder Plattproater Cafe im Heimathaus. Bei hoffentlich sch\u00f6nem Vorfr\u00fchlingswetter nach einem Gang durch die Natur des Riegenbrink schmeckt der Cafe und die Torte noch besser. <\/p>\n<p>Und eine gute Nachricht erhielten wir Ende letzter Woche. Die ILEG\/LEADER-Gelder f\u00fcr das Bauvorhaben &#8222;Ausbau der Zehntscheune&#8220; f\u00fcr die Gemeinde B\u00f6rger, (dem Heimatverein), sind zur [&#8230;]<\/p>\n","protected":false},"author":2,"featured_media":0,"comment_status":"closed","ping_status":"open","sticky":false,"template":"","format":"standard","meta":{"ngg_post_thumbnail":0,"footnotes":""},"categories":[3],"tags":[],"class_list":["post-6989","post","type-post","status-publish","format-standard","hentry","category-neuigkeiten","odd"],"_links":{"self":[{"href":"http:\/\/heimatverein.he-webpack.de\/index.php?rest_route=\/wp\/v2\/posts\/6989","targetHints":{"allow":["GET"]}}],"collection":[{"href":"http:\/\/heimatverein.he-webpack.de\/index.php?rest_route=\/wp\/v2\/posts"}],"about":[{"href":"http:\/\/heimatverein.he-webpack.de\/index.php?rest_route=\/wp\/v2\/types\/post"}],"author":[{"embeddable":true,"href":"http:\/\/heimatverein.he-webpack.de\/index.php?rest_route=\/wp\/v2\/users\/2"}],"replies":[{"embeddable":true,"href":"http:\/\/heimatverein.he-webpack.de\/index.php?rest_route=%2Fwp%2Fv2%2Fcomments&post=6989"}],"version-history":[{"count":6,"href":"http:\/\/heimatverein.he-webpack.de\/index.php?rest_route=\/wp\/v2\/posts\/6989\/revisions"}],"predecessor-version":[{"id":6996,"href":"http:\/\/heimatverein.he-webpack.de\/index.php?rest_route=\/wp\/v2\/posts\/6989\/revisions\/6996"}],"wp:attachment":[{"href":"http:\/\/heimatverein.he-webpack.de\/index.php?rest_route=%2Fwp%2Fv2%2Fmedia&parent=6989"}],"wp:term":[{"taxonomy":"category","embeddable":true,"href":"http:\/\/heimatverein.he-webpack.de\/index.php?rest_route=%2Fwp%2Fv2%2Fcategories&post=6989"},{"taxonomy":"post_tag","embeddable":true,"href":"http:\/\/heimatverein.he-webpack.de\/index.php?rest_route=%2Fwp%2Fv2%2Ftags&post=6989"}],"curies":[{"name":"wp","href":"https:\/\/api.w.org\/{rel}","templated":true}]}}