{"id":6959,"date":"2017-04-02T17:53:23","date_gmt":"2017-04-02T15:53:23","guid":{"rendered":"http:\/\/heimatverein.he-webpack.de\/?p=6959"},"modified":"2017-04-06T17:53:24","modified_gmt":"2017-04-06T15:53:24","slug":"7-grosser-preis-der-gemeinde-boerger","status":"publish","type":"post","link":"http:\/\/heimatverein.he-webpack.de\/?p=6959","title":{"rendered":"7. Gro\u00dfer Preis der Gemeinde B\u00f6rger"},"content":{"rendered":"<p><div id=\"attachment_6975\" style=\"width: 310px\" class=\"wp-caption alignright\"><a href=\"http:\/\/heimatverein.he-webpack.de\/wp-content\/uploads\/2017\/04\/Radrennen-Bg-2.4.17-1.jpg\" rel=\"attachment wp-att-6975\" rel=\"lightbox[6959]\"><img loading=\"lazy\" decoding=\"async\" aria-describedby=\"caption-attachment-6975\" class=\"size-medium wp-image-6975\" src=\"http:\/\/heimatverein.he-webpack.de\/wp-content\/uploads\/2017\/04\/Radrennen-Bg-2.4.17-1-300x149.jpg\" alt=\"Ca. 800 Starter waren in 16 Rennen unterwegs\" width=\"300\" height=\"149\" srcset=\"http:\/\/heimatverein.he-webpack.de\/wp-content\/uploads\/2017\/04\/Radrennen-Bg-2.4.17-1-300x149.jpg 300w, http:\/\/heimatverein.he-webpack.de\/wp-content\/uploads\/2017\/04\/Radrennen-Bg-2.4.17-1-768x380.jpg 768w, http:\/\/heimatverein.he-webpack.de\/wp-content\/uploads\/2017\/04\/Radrennen-Bg-2.4.17-1-1024x507.jpg 1024w, http:\/\/heimatverein.he-webpack.de\/wp-content\/uploads\/2017\/04\/Radrennen-Bg-2.4.17-1-150x74.jpg 150w, http:\/\/heimatverein.he-webpack.de\/wp-content\/uploads\/2017\/04\/Radrennen-Bg-2.4.17-1-400x198.jpg 400w, http:\/\/heimatverein.he-webpack.de\/wp-content\/uploads\/2017\/04\/Radrennen-Bg-2.4.17-1.jpg 1600w\" sizes=\"auto, (max-width: 300px) 100vw, 300px\" \/><\/a><p id=\"caption-attachment-6975\" class=\"wp-caption-text\">ca. 800 Starter waren in 16 Rennen unterwegs<\/p><\/div> 02.04.2017 UB &#8211; Der Radsport Bezirk Weser-Ems e. V. richtete heute wieder in B\u00f6rger sein Fr\u00fchjahrsrennen aus. Starter aus D\u00e4nemark, den Niederlanden, Spanien, Gro\u00dfbritanien, aus Belgien und Deutschland waren dabei. Der Rundkurs f\u00fchrt von der Neub\u00f6rgerstra\u00dfe \u00fcber die Landstra\u00dfe 62 in Richtung Neub\u00f6rger bis hinter den Westerberg, und dann links durch Feldstra\u00dfen \u00fcber den Westerberg zum Nordkamp und wieder zur Neub\u00f6rgerstra\u00dfe in B\u00f6rger. Das sind insgesamt 13,6 Kilometer. Diese Strecke war einfach oder auch mehrfach, je nach Altersklasse zu absolvieren (13,6 km Sch\u00fcler bis 108,8 km M\u00e4nner). Bei sonnigem sch\u00f6nen Wetter lieferte man sich einen hochklassigen Wettkampf. Einige L\u00e4ufe sind Sichtungsrennen f\u00fcr die Deutschen Meisterschaften.<\/p>\n<p>Auch die B\u00f6rger Bev\u00f6lkerung lies es sich nicht nehmen, mitzufiebern. F\u00fcr das leibliche Wohl war im Festzelt bei Kaffee und Kuchen des KfD und des Kolping, und an den St\u00e4nden der Fa. Curry 54 B\u00f6rger bestens gesorgt. Die Feuerwehr (B\u00f6rger, Surwold, Werpeloh, Spahnharrenst\u00e4tte und S\u00f6gel) sorgten f\u00fcr den reibungslosen Ablauf und Absicherungen der Veranstaltung und der DRK Rettungsdienst sorgte sich mit mehreren RTW und KTW um die Verletzten. Einen Dank gilt auch dem Bauhof der Gemeinde und der Verwaltung f\u00fcr die Vorbereitung und Nachbereitungen (Abbau) der Rennstrecke und das Schm\u00fccken des Ortes. Und auch die Bev\u00f6lkerung gilt Dank f\u00fcr die R\u00fccksichtnahme f\u00fcr die Behinderungen. Der Tross der Rennfahrer verteilte sich \u00fcber das halbe Dorf. Einige Gef\u00e4hrte waren schon tags zuvor angereist. Die Veranstaltung wurde in diesem Jahr zum 7. Mal durchgef\u00fchrt und man sollte diese Veranstaltung noch bekannter machen und noch besser vermarkten. &#8211; Naja, vielleicht im n\u00e4chsten Jahr!<\/p>\n","protected":false},"excerpt":{"rendered":"<p><p id=\"caption-attachment-6975\" class=\"wp-caption-text\">ca. 800 Starter waren in 16 Rennen unterwegs<\/p>\n<p> 02.04.2017 UB &#8211; Der Radsport Bezirk Weser-Ems e. V. richtete heute wieder in B\u00f6rger sein Fr\u00fchjahrsrennen aus. Starter aus D\u00e4nemark, den Niederlanden, Spanien, Gro\u00dfbritanien, aus Belgien und Deutschland waren dabei. Der Rundkurs f\u00fchrt von der Neub\u00f6rgerstra\u00dfe \u00fcber die Landstra\u00dfe 62 in Richtung Neub\u00f6rger bis hinter [&#8230;]<\/p>\n","protected":false},"author":2,"featured_media":0,"comment_status":"closed","ping_status":"open","sticky":false,"template":"","format":"standard","meta":{"ngg_post_thumbnail":0,"footnotes":""},"categories":[3],"tags":[],"class_list":["post-6959","post","type-post","status-publish","format-standard","hentry","category-neuigkeiten","odd"],"_links":{"self":[{"href":"http:\/\/heimatverein.he-webpack.de\/index.php?rest_route=\/wp\/v2\/posts\/6959","targetHints":{"allow":["GET"]}}],"collection":[{"href":"http:\/\/heimatverein.he-webpack.de\/index.php?rest_route=\/wp\/v2\/posts"}],"about":[{"href":"http:\/\/heimatverein.he-webpack.de\/index.php?rest_route=\/wp\/v2\/types\/post"}],"author":[{"embeddable":true,"href":"http:\/\/heimatverein.he-webpack.de\/index.php?rest_route=\/wp\/v2\/users\/2"}],"replies":[{"embeddable":true,"href":"http:\/\/heimatverein.he-webpack.de\/index.php?rest_route=%2Fwp%2Fv2%2Fcomments&post=6959"}],"version-history":[{"count":22,"href":"http:\/\/heimatverein.he-webpack.de\/index.php?rest_route=\/wp\/v2\/posts\/6959\/revisions"}],"predecessor-version":[{"id":6979,"href":"http:\/\/heimatverein.he-webpack.de\/index.php?rest_route=\/wp\/v2\/posts\/6959\/revisions\/6979"}],"wp:attachment":[{"href":"http:\/\/heimatverein.he-webpack.de\/index.php?rest_route=%2Fwp%2Fv2%2Fmedia&parent=6959"}],"wp:term":[{"taxonomy":"category","embeddable":true,"href":"http:\/\/heimatverein.he-webpack.de\/index.php?rest_route=%2Fwp%2Fv2%2Fcategories&post=6959"},{"taxonomy":"post_tag","embeddable":true,"href":"http:\/\/heimatverein.he-webpack.de\/index.php?rest_route=%2Fwp%2Fv2%2Ftags&post=6959"}],"curies":[{"name":"wp","href":"https:\/\/api.w.org\/{rel}","templated":true}]}}