{"id":6890,"date":"2017-03-23T10:58:21","date_gmt":"2017-03-23T09:58:21","guid":{"rendered":"http:\/\/heimatverein.he-webpack.de\/?p=6890"},"modified":"2017-04-01T18:29:27","modified_gmt":"2017-04-01T16:29:27","slug":"vorbereitungen-zu-dichterlesung-laufen","status":"publish","type":"post","link":"http:\/\/heimatverein.he-webpack.de\/?p=6890","title":{"rendered":"Ausdrucksstarke Vortr\u00e4ge"},"content":{"rendered":"<p><a href=\"http:\/\/heimatverein.he-webpack.de\/wp-content\/uploads\/2017\/03\/Whw-Dichter-VHS-1200-jpg.jpg\" rel=\"attachment wp-att-6935\" rel=\"lightbox[6890]\"><img loading=\"lazy\" decoding=\"async\" src=\"http:\/\/heimatverein.he-webpack.de\/wp-content\/uploads\/2017\/03\/Whw-Dichter-VHS-1200-jpg-300x131.jpg\" alt=\"Whw Dichter VHS 1200 jpg\" width=\"300\" height=\"131\" class=\"alignleft size-medium wp-image-6935\" srcset=\"http:\/\/heimatverein.he-webpack.de\/wp-content\/uploads\/2017\/03\/Whw-Dichter-VHS-1200-jpg-300x131.jpg 300w, http:\/\/heimatverein.he-webpack.de\/wp-content\/uploads\/2017\/03\/Whw-Dichter-VHS-1200-jpg-768x336.jpg 768w, http:\/\/heimatverein.he-webpack.de\/wp-content\/uploads\/2017\/03\/Whw-Dichter-VHS-1200-jpg-1024x448.jpg 1024w, http:\/\/heimatverein.he-webpack.de\/wp-content\/uploads\/2017\/03\/Whw-Dichter-VHS-1200-jpg-150x66.jpg 150w, http:\/\/heimatverein.he-webpack.de\/wp-content\/uploads\/2017\/03\/Whw-Dichter-VHS-1200-jpg-400x175.jpg 400w, http:\/\/heimatverein.he-webpack.de\/wp-content\/uploads\/2017\/03\/Whw-Dichter-VHS-1200-jpg.jpg 1200w\" sizes=\"auto, (max-width: 300px) 100vw, 300px\" \/><\/a>01.04.2017 UB &#8211; Die Autoren des Arbeitskreises Ostfriesischer Autorinnen und Autoren, (Foto: v.li.) Sibet Riexinger, Gudrun Rose, Thomas Harden und R\u00fcdiger Rose sowie Helga Urban waren gestern abend im Heimathaus B\u00f6rger zu Gast. Sie unterhielten die G\u00e4ste aus B\u00f6rger und Umgebung mit fein dargebotenen Texten aus ihrem Ver\u00f6ffentlichungen unter dem Motto: &#8222;Menschen und Machenschaften&#8220;. Musikalisch untermalt wurde der Abend von Helga Urban mit dem Akkordeon. <img loading=\"lazy\" decoding=\"async\" src=\"http:\/\/heimatverein.he-webpack.de\/wp-content\/uploads\/2017\/03\/Dichter-Lesung-31.03.2017-200x150.jpg\" alt=\"Dichter Lesung 31.03.2017\" width=\"200\" height=\"150\" class=\"alignright size-thumbnail wp-image-6940\" \/>Die meisten der in Hochdeutsch vorgetragenen Texte stammen aus der k\u00fcrzlich erschienenen Anthologie \u201eZeitSpr\u00fcnge\u201c. Der \u201eArbeitskreis Ostfriesischer Autorinnen und Autoren\u201c, dem Sie angeh\u00f6ren, gibt diese Sammlungen von Kurzprosa und Lyrik regelm\u00e4\u00dfig heraus. Sie erscheinen teils in Hochdeutsch, teils in &#8222;Plattd\u00fctsk&#8220;. <\/p>\n<p>Es war ein sch\u00f6ner Abend im Vorfr\u00fchling im Heimathaus B\u00f6rger bei einem Gl\u00e4schen Wein und guter Unterhaltung. Hermann Schmitz begr\u00fc\u00dfte zu Beginn der Veranstaltung die Gruppe und die G\u00e4ste. Es sei nach der Lesung von Hermann May aus Werlte, im M\u00e4rz 2011 die zweite Veranstaltung dieser Art im Heimathaus B\u00f6rger. &#8211; Das sollte man \u00f6fter machen, war der Tenor des Abends.<\/p>\n","protected":false},"excerpt":{"rendered":"<p>01.04.2017 UB &#8211; Die Autoren des Arbeitskreises Ostfriesischer Autorinnen und Autoren, (Foto: v.li.) Sibet Riexinger, Gudrun Rose, Thomas Harden und R\u00fcdiger Rose sowie Helga Urban waren gestern abend im Heimathaus B\u00f6rger zu Gast. Sie unterhielten die G\u00e4ste aus B\u00f6rger und Umgebung mit fein dargebotenen Texten aus ihrem Ver\u00f6ffentlichungen unter dem Motto: &#8222;Menschen und Machenschaften&#8220;. Musikalisch [&#8230;]<\/p>\n","protected":false},"author":2,"featured_media":0,"comment_status":"closed","ping_status":"open","sticky":false,"template":"","format":"standard","meta":{"ngg_post_thumbnail":0,"footnotes":""},"categories":[3],"tags":[],"class_list":["post-6890","post","type-post","status-publish","format-standard","hentry","category-neuigkeiten","odd"],"_links":{"self":[{"href":"http:\/\/heimatverein.he-webpack.de\/index.php?rest_route=\/wp\/v2\/posts\/6890","targetHints":{"allow":["GET"]}}],"collection":[{"href":"http:\/\/heimatverein.he-webpack.de\/index.php?rest_route=\/wp\/v2\/posts"}],"about":[{"href":"http:\/\/heimatverein.he-webpack.de\/index.php?rest_route=\/wp\/v2\/types\/post"}],"author":[{"embeddable":true,"href":"http:\/\/heimatverein.he-webpack.de\/index.php?rest_route=\/wp\/v2\/users\/2"}],"replies":[{"embeddable":true,"href":"http:\/\/heimatverein.he-webpack.de\/index.php?rest_route=%2Fwp%2Fv2%2Fcomments&post=6890"}],"version-history":[{"count":32,"href":"http:\/\/heimatverein.he-webpack.de\/index.php?rest_route=\/wp\/v2\/posts\/6890\/revisions"}],"predecessor-version":[{"id":6934,"href":"http:\/\/heimatverein.he-webpack.de\/index.php?rest_route=\/wp\/v2\/posts\/6890\/revisions\/6934"}],"wp:attachment":[{"href":"http:\/\/heimatverein.he-webpack.de\/index.php?rest_route=%2Fwp%2Fv2%2Fmedia&parent=6890"}],"wp:term":[{"taxonomy":"category","embeddable":true,"href":"http:\/\/heimatverein.he-webpack.de\/index.php?rest_route=%2Fwp%2Fv2%2Fcategories&post=6890"},{"taxonomy":"post_tag","embeddable":true,"href":"http:\/\/heimatverein.he-webpack.de\/index.php?rest_route=%2Fwp%2Fv2%2Ftags&post=6890"}],"curies":[{"name":"wp","href":"https:\/\/api.w.org\/{rel}","templated":true}]}}