{"id":6808,"date":"2017-03-19T22:00:34","date_gmt":"2017-03-19T21:00:34","guid":{"rendered":"http:\/\/heimatverein.he-webpack.de\/?p=6808"},"modified":"2017-04-15T23:07:53","modified_gmt":"2017-04-15T21:07:53","slug":"der-vorstand-ist-komplett-wir-starten-durch","status":"publish","type":"post","link":"http:\/\/heimatverein.he-webpack.de\/?p=6808","title":{"rendered":"Der Vorstand ist komplett &#8211; wir starten wieder durch!"},"content":{"rendered":"<div id=\"attachment_6811\" style=\"width: 310px\" class=\"wp-caption alignright\"><a href=\"http:\/\/heimatverein.he-webpack.de\/wp-content\/uploads\/2017\/03\/Vorstand-HV-B\u00f6rger.j1200.jpg\" rel=\"attachment wp-att-6811\"><img loading=\"lazy\" decoding=\"async\" aria-describedby=\"caption-attachment-6811\" class=\"size-medium wp-image-6811\" src=\"http:\/\/heimatverein.he-webpack.de\/wp-content\/uploads\/2017\/03\/Vorstand-HV-B\u00f6rger.j1200-300x153.jpg\" alt=\"Der Vorstand der HV B\u00f6rger - v.Li. - Vorsitzender Hermann Schmitz, Kassenf\u00fchrer Heinz u. Theresia Oldiges, Schriftf\u00fchrer Hermann T\u00f6bben, Zweiter Vorsitzender Hans Klassen und Schriftf\u00fchrer Hermann Ubbenjans.\" width=\"300\" height=\"153\" srcset=\"http:\/\/heimatverein.he-webpack.de\/wp-content\/uploads\/2017\/03\/Vorstand-HV-B\u00f6rger.j1200-300x153.jpg 300w, http:\/\/heimatverein.he-webpack.de\/wp-content\/uploads\/2017\/03\/Vorstand-HV-B\u00f6rger.j1200-768x391.jpg 768w, http:\/\/heimatverein.he-webpack.de\/wp-content\/uploads\/2017\/03\/Vorstand-HV-B\u00f6rger.j1200-1024x521.jpg 1024w, http:\/\/heimatverein.he-webpack.de\/wp-content\/uploads\/2017\/03\/Vorstand-HV-B\u00f6rger.j1200-150x76.jpg 150w, http:\/\/heimatverein.he-webpack.de\/wp-content\/uploads\/2017\/03\/Vorstand-HV-B\u00f6rger.j1200-400x204.jpg 400w\" sizes=\"auto, (max-width: 300px) 100vw, 300px\" \/><\/a><p id=\"caption-attachment-6811\" class=\"wp-caption-text\">Der Vorstand der HV B\u00f6rger &#8211; (v. Li.) Erster Vorsitzender Hermann Schmitz, Kassenf\u00fchrer Heinz u. Theresia Oldiges, Schriftf\u00fchrer Hermann T\u00f6bben, Zweiter Vorsitzender Hans Klassen und Schriftf\u00fchrer Hermann Ubbenjans. Foto: LUB<\/p><\/div>\n<p>19.03.2017 UB &#8211; Jawohl! Wir haben den Vorstand des Heimatverein nun komplett. Auf der heute nachmittag stattgefundenen Mitgliederversammlung standen neben Berichten des Vorstandes Vorstandswahlen an, bei dem der Vorstand komplettiert werden konnte. Wir, der amtierende Vorstand freuen uns, neue Mitglieder im Vorstand begr\u00fc\u00dfen zu k\u00f6nnen.<\/p>\n<p>Bei der 31. Mitgliederversammmlung im 30. Vereinsjahr, konnte der Vorsitzende Ehrenmitglieder, den B\u00fcrgermeister der Gemeinde B\u00f6rger, Herm. Josef D\u00f6bber von der Emszeitung, sowie insgesamt \u00fcber 40 Mitglieder begr\u00fc\u00dfen. Bei Kaffee und Torte erl\u00e4uterten der Vereinsvorsitzende, der Kassenf\u00fchrer und der Schriftf\u00fchrer die Aktivit\u00e4ten, &#8222;den Gesch\u00e4ftsbericht&#8220; des Vereines. Und auch die Kassenabrechnung 2016 wurde \u00f6ffentlich. Anschlie\u00dfend wurde gew\u00e4hlt.<\/p>\n<p>Erster Vorsitzender des Heimatverein B\u00f6rger ist Hermann Schmitz. Er wurde einstimming wiedergw\u00e4hlt. Seine Amtszeit geht nun bis ins Fr\u00fchjahr 2019 (diese Wahl leitete der B\u00fcrgermeister J\u00fcrgen Ermes). Die Kassenf\u00fchrer Heinz Oldiges und Theresia Oldiges wurden anschlie\u00dfend auch f\u00fcr 2 Jahre wiedergew\u00e4hlt. Schriftf\u00fchrer Hermann Ubbenjans ist noch bis Fr\u00fchjahr 2018 (wurde im letzten Jahre gew\u00e4hlt) im Amt. Als Kassenpr\u00fcfer wurden Rudolf Schmitz\/K\u00f6sters wiedergew\u00e4hlt und Ulrich Geers\/Golpens neu ins Amt berufen (gew\u00e4hlt). Hans Geers trat nach 20 Jahren als Kassenpr\u00fcfer, f\u00fcr dieses Amt nicht mehr an. F\u00fcr seine langj\u00e4hrige T\u00e4tigkeit in diesem Bereich erhielt er ein P\u00e4sent und einem Blumengesteck f\u00fcr die Ehefrau Lisbeth. Hans ist im AK Geschichte fest eingebunden und als tragende S\u00e4ule dieser Gruppe t\u00e4tig. Das m\u00fcsse und sollte er weitermachen, erkl\u00e4rte Hermann Schmitz.<\/p>\n<div id=\"attachment_6822\" style=\"width: 210px\" class=\"wp-caption alignleft\"><a href=\"http:\/\/heimatverein.he-webpack.de\/wp-content\/uploads\/2017\/03\/Plattd\u00fctsk-Wichter1200.jpg\" rel=\"attachment wp-att-6822\"><img loading=\"lazy\" decoding=\"async\" aria-describedby=\"caption-attachment-6822\" class=\"size-thumbnail wp-image-6822\" src=\"http:\/\/heimatverein.he-webpack.de\/wp-content\/uploads\/2017\/03\/Plattd\u00fctsk-Wichter1200-200x150.jpg\" alt=\"Unterhielten die Versammlung mit Plattd\u00fcstsk-D\u00f6ntges - Neele Kr\u00f6ger, Hannah Korten, Sophia Schmitz,\" width=\"200\" height=\"150\" \/><\/a><p id=\"caption-attachment-6822\" class=\"wp-caption-text\">Unterhielten die G\u00e4ste auf der Mitgliederversammlung &#8211; Neele Kr\u00f6ger, Hannah Korten, Sophia Schmitz.<\/p><\/div>\n<p>Ja! &#8211; wir feuen uns mitteilen zu k\u00f6nnen, das wir bei den heutigen Wahlen einen neuen Zweiten Vorsitzenden und einen Stellverteter f\u00fcr den Schriftf\u00fchrer gefunden haben. Aus der Versammlung heraus wurde Hans Klassen Dorfstra\u00dfe, (auch AK-Leiter Heimatmusik) f\u00fcr das Amt des Zweiten Vorsitzenden vorgeschlagen und anschlie\u00dfend einstimmig gew\u00e4hlt. Aus der Versammlung wurde Hermann T\u00f6bben Poststra\u00dfe, als Zweiter Schriftf\u00fchrer vorgeschlagen. Dieser wurde dann auch, wie alle anderen (Theresia T\u00f6bben hatte sich bei der Wahl ihres Mannes &#8211; &#8222;enthalten&#8220; ?-) einstimmig gew\u00e4hlt. Alle nahmen die Wahl an. &#8211; Auf gute Zusammenarbeit! Hermann D\u00f6bber von der Emszeitung fertigte einen <a href=\"http:\/\/heimatverein.he-webpack.de\/?page_id=345\">PR-Bericht<\/a>. <\/p>\n<p>Kinder der Grundschule B\u00f6rger, die vor einigen Tagen am Plattd\u00fcsk-Wettbewerb der Schule teilnahmen, unterhielten uns an diesem Nachmittag mit plattd\u00fcsken D\u00f6ntkes. Allen Dreien, und den Eltern f\u00fcr die Begleitung, ein herzliches Dankesch\u00f6n! Das geplante Referat von Johannes Hofmeister aus M\u00fcnster, \u00fcber den Naturkundler, Fotograf und Mitbegr\u00fcnder des Naturschutzes im Emsland und M\u00fcnsterland Dr. Hermann Reichling, fiel wegen Terminschwierigkeiten aus. Er wird nachgeholt.<\/p>\n","protected":false},"excerpt":{"rendered":"<p id=\"caption-attachment-6811\" class=\"wp-caption-text\">Der Vorstand der HV B\u00f6rger &#8211; (v. Li.) Erster Vorsitzender Hermann Schmitz, Kassenf\u00fchrer Heinz u. Theresia Oldiges, Schriftf\u00fchrer Hermann T\u00f6bben, Zweiter Vorsitzender Hans Klassen und Schriftf\u00fchrer Hermann Ubbenjans. Foto: LUB<\/p>\n<p>19.03.2017 UB &#8211; Jawohl! Wir haben den Vorstand des Heimatverein nun komplett. Auf der heute nachmittag stattgefundenen Mitgliederversammlung standen neben Berichten des Vorstandes [&#8230;]<\/p>\n","protected":false},"author":2,"featured_media":0,"comment_status":"closed","ping_status":"open","sticky":false,"template":"","format":"standard","meta":{"ngg_post_thumbnail":0,"footnotes":""},"categories":[3],"tags":[],"class_list":["post-6808","post","type-post","status-publish","format-standard","hentry","category-neuigkeiten","odd"],"_links":{"self":[{"href":"http:\/\/heimatverein.he-webpack.de\/index.php?rest_route=\/wp\/v2\/posts\/6808","targetHints":{"allow":["GET"]}}],"collection":[{"href":"http:\/\/heimatverein.he-webpack.de\/index.php?rest_route=\/wp\/v2\/posts"}],"about":[{"href":"http:\/\/heimatverein.he-webpack.de\/index.php?rest_route=\/wp\/v2\/types\/post"}],"author":[{"embeddable":true,"href":"http:\/\/heimatverein.he-webpack.de\/index.php?rest_route=\/wp\/v2\/users\/2"}],"replies":[{"embeddable":true,"href":"http:\/\/heimatverein.he-webpack.de\/index.php?rest_route=%2Fwp%2Fv2%2Fcomments&post=6808"}],"version-history":[{"count":48,"href":"http:\/\/heimatverein.he-webpack.de\/index.php?rest_route=\/wp\/v2\/posts\/6808\/revisions"}],"predecessor-version":[{"id":6874,"href":"http:\/\/heimatverein.he-webpack.de\/index.php?rest_route=\/wp\/v2\/posts\/6808\/revisions\/6874"}],"wp:attachment":[{"href":"http:\/\/heimatverein.he-webpack.de\/index.php?rest_route=%2Fwp%2Fv2%2Fmedia&parent=6808"}],"wp:term":[{"taxonomy":"category","embeddable":true,"href":"http:\/\/heimatverein.he-webpack.de\/index.php?rest_route=%2Fwp%2Fv2%2Fcategories&post=6808"},{"taxonomy":"post_tag","embeddable":true,"href":"http:\/\/heimatverein.he-webpack.de\/index.php?rest_route=%2Fwp%2Fv2%2Ftags&post=6808"}],"curies":[{"name":"wp","href":"https:\/\/api.w.org\/{rel}","templated":true}]}}