{"id":6642,"date":"2017-01-30T02:33:17","date_gmt":"2017-01-30T01:33:17","guid":{"rendered":"http:\/\/heimatverein.he-webpack.de\/?p=6642"},"modified":"2017-06-30T11:47:21","modified_gmt":"2017-06-30T09:47:21","slug":"die-wolf-ist-wieder-da","status":"publish","type":"post","link":"http:\/\/heimatverein.he-webpack.de\/?p=6642","title":{"rendered":"Wolfssichtung auf dem Dosfeld!"},"content":{"rendered":"<p>30.01.2017 UB &#8211; In der zweiten Woche des Jahres 2017 ist wiederholt ein Wolf in der Gemarkung B\u00f6rger gesehen worden. Ein gro\u00dfes Alttier, wohlm\u00f6glich das Einzeltier, das sich seit einigen Jahren zeitweise auf der Wehrtechnischen Dienststelle in Meppen bis Altwahn aufh\u00e4lt, ist hinter den Dosfelder St\u00fccken, auf dem &#8222;Neuen Land&#8220; gesehen worden. Eine Spazierg\u00e4ngerin mit einem Hund, sah den Wolf vom Dosfeld kommend vor den Neuen Anlagen, einer F\u00e4hrte sch\u00fcffelnd, folgend. Vorher war das Tier bei der Biogasanlage auf dem Dosfeld gesehen worden. Es trottete von der Biogasanlage kommend in s\u00fcdliche Richtung. Bei einer Ansprache (Klopfen an Glasscheibe) blieb er kurz stehen und sah sich um, bevor er seinen Weg weiter folgte. Der Geruch des Biogasinputs (Schlachtreste) wird ihn wohl angelockt haben. Der Samtgemeinde und der Landkreis haben Infos \u00fcber diese Wolfssichtung. Dieses Tier treibt sich wahrscheinlich auch im Meppener Staverner Raum bei Damwildherden der WTD umher. &#8211; Einige Schaf- und Wildrisse sind angezeigt worden. Noch ist nichts Schlimmeres passiert.<br \/>\nNachtrag 24.06.2017 &#8211; Die EZ ver\u00f6ffentlichte am 19. Mai 2017 eine Wolfssichtung in Werpeloh. Hier sei ein gro\u00dfes Einzeltier von einer Fotofalle abgelichtet worden und man vermute mehrere Tiere die im Emsland umherstreifen und wohl auf der WTD ans\u00e4ssig sind. Eine weiterer Beweis gab es bei einer Fotofalle im WTD Bereich. Von dort aus streifen &#8222;die W\u00f6lfe&#8220; scheinbar durch ein gro\u00dfes Jagdgebiet bis ins Ostfriesische. Auch in B\u00f6rgerwald hatte man in den letzte Monat Wolfssichtungen.<br \/>\n<div id=\"attachment_6663\" style=\"width: 650px\" class=\"wp-caption aligncenter\"><a href=\"http:\/\/heimatverein.he-webpack.de\/wp-content\/uploads\/2017\/01\/WiJan2017.jpg\" rel=\"attachment wp-att-6663\" rel=\"lightbox[6642]\"><img loading=\"lazy\" decoding=\"async\" aria-describedby=\"caption-attachment-6663\" src=\"http:\/\/heimatverein.he-webpack.de\/wp-content\/uploads\/2017\/01\/WiJan2017-1024x592.jpg\" alt=\"Winterruhe Mitte Januar 2017 B\u00f6rger Heimathof\" width=\"640\" height=\"370\" class=\"size-large wp-image-6663\" srcset=\"http:\/\/heimatverein.he-webpack.de\/wp-content\/uploads\/2017\/01\/WiJan2017-1024x592.jpg 1024w, http:\/\/heimatverein.he-webpack.de\/wp-content\/uploads\/2017\/01\/WiJan2017-300x174.jpg 300w, http:\/\/heimatverein.he-webpack.de\/wp-content\/uploads\/2017\/01\/WiJan2017-768x444.jpg 768w, http:\/\/heimatverein.he-webpack.de\/wp-content\/uploads\/2017\/01\/WiJan2017-150x87.jpg 150w, http:\/\/heimatverein.he-webpack.de\/wp-content\/uploads\/2017\/01\/WiJan2017-400x231.jpg 400w, http:\/\/heimatverein.he-webpack.de\/wp-content\/uploads\/2017\/01\/WiJan2017.jpg 1200w\" sizes=\"auto, (max-width: 640px) 100vw, 640px\" \/><\/a><p id=\"caption-attachment-6663\" class=\"wp-caption-text\">Winterruhe Mitte Januar 2017 B\u00f6rger Heimathof<\/p><\/div><\/p>\n","protected":false},"excerpt":{"rendered":"<p>30.01.2017 UB &#8211; In der zweiten Woche des Jahres 2017 ist wiederholt ein Wolf in der Gemarkung B\u00f6rger gesehen worden. Ein gro\u00dfes Alttier, wohlm\u00f6glich das Einzeltier, das sich seit einigen Jahren zeitweise auf der Wehrtechnischen Dienststelle in Meppen bis Altwahn aufh\u00e4lt, ist hinter den Dosfelder St\u00fccken, auf dem &#8222;Neuen Land&#8220; gesehen worden. Eine Spazierg\u00e4ngerin mit [&#8230;]<\/p>\n","protected":false},"author":2,"featured_media":0,"comment_status":"closed","ping_status":"open","sticky":false,"template":"","format":"standard","meta":{"ngg_post_thumbnail":0,"footnotes":""},"categories":[3],"tags":[],"class_list":["post-6642","post","type-post","status-publish","format-standard","hentry","category-neuigkeiten","odd"],"_links":{"self":[{"href":"http:\/\/heimatverein.he-webpack.de\/index.php?rest_route=\/wp\/v2\/posts\/6642","targetHints":{"allow":["GET"]}}],"collection":[{"href":"http:\/\/heimatverein.he-webpack.de\/index.php?rest_route=\/wp\/v2\/posts"}],"about":[{"href":"http:\/\/heimatverein.he-webpack.de\/index.php?rest_route=\/wp\/v2\/types\/post"}],"author":[{"embeddable":true,"href":"http:\/\/heimatverein.he-webpack.de\/index.php?rest_route=\/wp\/v2\/users\/2"}],"replies":[{"embeddable":true,"href":"http:\/\/heimatverein.he-webpack.de\/index.php?rest_route=%2Fwp%2Fv2%2Fcomments&post=6642"}],"version-history":[{"count":22,"href":"http:\/\/heimatverein.he-webpack.de\/index.php?rest_route=\/wp\/v2\/posts\/6642\/revisions"}],"predecessor-version":[{"id":7202,"href":"http:\/\/heimatverein.he-webpack.de\/index.php?rest_route=\/wp\/v2\/posts\/6642\/revisions\/7202"}],"wp:attachment":[{"href":"http:\/\/heimatverein.he-webpack.de\/index.php?rest_route=%2Fwp%2Fv2%2Fmedia&parent=6642"}],"wp:term":[{"taxonomy":"category","embeddable":true,"href":"http:\/\/heimatverein.he-webpack.de\/index.php?rest_route=%2Fwp%2Fv2%2Fcategories&post=6642"},{"taxonomy":"post_tag","embeddable":true,"href":"http:\/\/heimatverein.he-webpack.de\/index.php?rest_route=%2Fwp%2Fv2%2Ftags&post=6642"}],"curies":[{"name":"wp","href":"https:\/\/api.w.org\/{rel}","templated":true}]}}