{"id":6464,"date":"2016-12-11T08:27:06","date_gmt":"2016-12-11T07:27:06","guid":{"rendered":"http:\/\/heimatverein.he-webpack.de\/?p=6464"},"modified":"2017-01-15T09:11:27","modified_gmt":"2017-01-15T08:11:27","slug":"nr-26-use-borger-2016","status":"publish","type":"post","link":"http:\/\/heimatverein.he-webpack.de\/?p=6464","title":{"rendered":"Nr. 26 &#8211; Use Borger 2016"},"content":{"rendered":"<p><div id=\"attachment_6409\" style=\"width: 214px\" class=\"wp-caption alignleft\"><a href=\"http:\/\/heimatverein.he-webpack.de\/wp-content\/uploads\/2016\/11\/Rolfes-Reinhard-stellt-vor.jpg\" rel=\"attachment wp-att-6409\" rel=\"lightbox[6464]\"><img loading=\"lazy\" decoding=\"async\" aria-describedby=\"caption-attachment-6409\" src=\"http:\/\/heimatverein.he-webpack.de\/wp-content\/uploads\/2016\/11\/Rolfes-Reinhard-stellt-vor-204x300.jpg\" alt=\"Heimatfreund Reinhard Rolfes \" width=\"220\" height=\"330\" class=\"size-medium wp-image-6409\" \/><\/a><p id=\"caption-attachment-6409\" class=\"wp-caption-text\">Heimatfreund Reinhard Rolfes<\/p><\/div>So. 27.11.2016 UB &#8211; Die neue Jahresschrift des Heimatverein B\u00f6rger ist da, und wir stellten diese Schrift gestern abend im Rahmen eines Gr\u00fcnkohlessens der \u00d6ffentlichkeit vor. Die ersten Ausgaben gingen an den <strong>B\u00fcrgermeister von B\u00f6rger<\/strong> J\u00fcrgen Ermes und <strong>die Past\u00f6re von B\u00f6rger<\/strong>, Pastor Santel sowie Pater Vijay von der Katholischen Kirchengemeinde und Pastor Mathias Voss von der Evangelischen Kirchengemeinde S\u00f6gel \/ B\u00f6rger. Heimatfreund und Autor Reinhard Rolfes (BakkerRainer-sin-Reinhard) erl\u00e4uterte den ca. 50 Zuh\u00f6rern den Inhalt des Buches anhand einer Power-Point-Pr\u00e4sentation. Eine plattd\u00fcsket Hochtiedsn\u00f6rger-Laeid aus dieser Pr\u00e4sentation bringen wir \u00fcber diesen <a href=\"http:\/\/heimatverein.he-webpack.de\/?page_id=6427\">Link<\/a>. Die Jahresschrift ist in diesem Jahr sehr umfangreich geworden, erstmalig ist das Buch \u00fcber 200 Seiten dick. Deshalb m\u00fcssen wir den Verkaufspreis anpassen. <a href=\"http:\/\/heimatverein.he-webpack.de\/?page_id=345\">Hermann Josef D\u00f6bber berichtet<\/a> am 08.12.2016 in der Emszeitung \u00fcber die Vorstellung.<br \/>\n<div id=\"attachment_6411\" style=\"width: 210px\" class=\"wp-caption alignright\"><a href=\"http:\/\/heimatverein.he-webpack.de\/wp-content\/uploads\/2016\/11\/Hagen-Sr.jpg\" rel=\"attachment wp-att-6411\" rel=\"lightbox[6464]\"><img loading=\"lazy\" decoding=\"async\" aria-describedby=\"caption-attachment-6411\" src=\"http:\/\/heimatverein.he-webpack.de\/wp-content\/uploads\/2016\/11\/Hagen-Sr-200x150.jpg\" alt=\"Geschwister Hagen stimmten auf die Adventszeit ein.\" width=\"200\" height=\"150\" class=\"size-thumbnail wp-image-6411\" \/><\/a><p id=\"caption-attachment-6411\" class=\"wp-caption-text\">Geschwister Hagen stimmten auf die Adventszeit ein.<\/p><\/div> <\/p>\n<p>Die B\u00fccher sind bei den bekannten Verkaufsstellen (Winzerei B\u00f6rger Neub\u00f6rgerstra\u00dfe, Buten und Binnen Neub\u00f6rgerstra\u00dfe, Fris\u00f6r Gerdes Am H\u00fcnenstein, Blumen Oldiges Waldstra\u00dfe, Hobbyscheune Ermes Wahnerweg, bei Lebensmittel Funke Waldstra\u00dfe, bei der Volksbank an der Hauptstra\u00dfe und der OLB B\u00f6rger Waldstra\u00dfe, in B\u00f6rger sowie in der Buchhandlung L\u00fcbs in S\u00f6gel am Marktplatz <strong>f\u00fcr 20 Euro erh\u00e4ltlich<\/strong>.<\/p>\n<p>Andrea L\u00fcken und Monika Langen unterhielten die G\u00e4ste, w\u00e4hrend der Veranstaltung, eindruckvoll mit Liedern aus ihrem Fundus. Sie brachten Unterhaltsames, und auch nachdenkliche St\u00fccke, aber auch Lieder zur Einstimmung auf die Advents- und Weihnachtszeit, zum Besten. Es war ein Genu\u00df <a href=\"http:\/\/heimatverein.he-webpack.de\/?page_id=6588\">den Geschwistern<\/a> zuzuh\u00f6ren.<\/p>\n<blockquote><p><strong>Spendenkonto des Heimatverein B\u00f6rger Betr.: Zehntscheune 10082002 BLZ 28069706<br \/>\nbei der Volksbank Nordh\u00fcmmling in B\u00f6rger IBAN: DE34280697060010082002 BIC:GENODEF1BOG<\/strong><\/p><\/blockquote>\n","protected":false},"excerpt":{"rendered":"<p><p id=\"caption-attachment-6409\" class=\"wp-caption-text\">Heimatfreund Reinhard Rolfes<\/p>\n<p>So. 27.11.2016 UB &#8211; Die neue Jahresschrift des Heimatverein B\u00f6rger ist da, und wir stellten diese Schrift gestern abend im Rahmen eines Gr\u00fcnkohlessens der \u00d6ffentlichkeit vor. Die ersten Ausgaben gingen an den B\u00fcrgermeister von B\u00f6rger J\u00fcrgen Ermes und die Past\u00f6re von B\u00f6rger, Pastor Santel sowie Pater Vijay von der Katholischen Kirchengemeinde [&#8230;]<\/p>\n","protected":false},"author":2,"featured_media":0,"comment_status":"closed","ping_status":"open","sticky":false,"template":"","format":"standard","meta":{"ngg_post_thumbnail":0,"footnotes":""},"categories":[3],"tags":[],"class_list":["post-6464","post","type-post","status-publish","format-standard","hentry","category-neuigkeiten","odd"],"_links":{"self":[{"href":"http:\/\/heimatverein.he-webpack.de\/index.php?rest_route=\/wp\/v2\/posts\/6464","targetHints":{"allow":["GET"]}}],"collection":[{"href":"http:\/\/heimatverein.he-webpack.de\/index.php?rest_route=\/wp\/v2\/posts"}],"about":[{"href":"http:\/\/heimatverein.he-webpack.de\/index.php?rest_route=\/wp\/v2\/types\/post"}],"author":[{"embeddable":true,"href":"http:\/\/heimatverein.he-webpack.de\/index.php?rest_route=\/wp\/v2\/users\/2"}],"replies":[{"embeddable":true,"href":"http:\/\/heimatverein.he-webpack.de\/index.php?rest_route=%2Fwp%2Fv2%2Fcomments&post=6464"}],"version-history":[{"count":10,"href":"http:\/\/heimatverein.he-webpack.de\/index.php?rest_route=\/wp\/v2\/posts\/6464\/revisions"}],"predecessor-version":[{"id":6466,"href":"http:\/\/heimatverein.he-webpack.de\/index.php?rest_route=\/wp\/v2\/posts\/6464\/revisions\/6466"}],"wp:attachment":[{"href":"http:\/\/heimatverein.he-webpack.de\/index.php?rest_route=%2Fwp%2Fv2%2Fmedia&parent=6464"}],"wp:term":[{"taxonomy":"category","embeddable":true,"href":"http:\/\/heimatverein.he-webpack.de\/index.php?rest_route=%2Fwp%2Fv2%2Fcategories&post=6464"},{"taxonomy":"post_tag","embeddable":true,"href":"http:\/\/heimatverein.he-webpack.de\/index.php?rest_route=%2Fwp%2Fv2%2Ftags&post=6464"}],"curies":[{"name":"wp","href":"https:\/\/api.w.org\/{rel}","templated":true}]}}