{"id":6352,"date":"2016-10-22T23:19:25","date_gmt":"2016-10-22T21:19:25","guid":{"rendered":"http:\/\/heimatverein.he-webpack.de\/?p=6352"},"modified":"2016-10-22T23:44:13","modified_gmt":"2016-10-22T21:44:13","slug":"familienforscher-und-buecherboerse-2016","status":"publish","type":"post","link":"http:\/\/heimatverein.he-webpack.de\/?p=6352","title":{"rendered":"Familienforscher- und B\u00fccherb\u00f6rse 2016"},"content":{"rendered":"<p>Sa. 22.10.2016 UB &#8211; Der Arbeitskreis Geschichte und Familienforschung des Heimatverein B\u00f6rger, und die Familienforscher und Organisatoren des Arbeitskreises Geschichte des Heimatring Lorup sind auch im <strong>Arbeitskreis Familienforschung der Emsl\u00e4ndischen Landschaft<\/strong> organisiert und unterst\u00fctzten diese Gruppe bei der Ausstellung am gestrigen Freitag in Aschendorf auf Gut Altenkamp. Auch hier nahm man gemeinschaftlich mit einem Stand teil. Es waren ca. 20 Aussteller aus dem Gebiet der Emsl\u00e4ndischen Landschaft (EL + NOH) mit ihren B\u00fcchern und Ver\u00f6ffentlichungen da, und der Besucher konnte den Familienforschern \u00fcber die Schulter schauen und Hilfe f\u00fcr eigene Forschungen bekommen. Das Interesse an unseren Ver\u00f6ffentlichungen am Stand (Karin Korte u. Hans Schwarte aus Lorup und Hans Geers u. Herm. Ubbenjans aus B\u00f6rger), war enorm. Es fanden viele Gespr\u00e4che statt. Die Emszeitung berichtete heute von der Veranstaltung in Aschendorf.<br \/>\n<a href=\"http:\/\/heimatverein.he-webpack.de\/wp-content\/uploads\/2016\/10\/Ahnen-u-B\u00fccherb\u00f6rse-in-ASD.jpg\" rel=\"attachment wp-att-6353\"><img loading=\"lazy\" decoding=\"async\" src=\"http:\/\/heimatverein.he-webpack.de\/wp-content\/uploads\/2016\/10\/Ahnen-u-B\u00fccherb\u00f6rse-in-ASD-1024x428.jpg\" alt=\"Ahnen u B\u00fccherb\u00f6rse in ASD\" width=\"640\" height=\"268\" class=\"aligncenter size-large wp-image-6353\" srcset=\"http:\/\/heimatverein.he-webpack.de\/wp-content\/uploads\/2016\/10\/Ahnen-u-B\u00fccherb\u00f6rse-in-ASD-1024x428.jpg 1024w, http:\/\/heimatverein.he-webpack.de\/wp-content\/uploads\/2016\/10\/Ahnen-u-B\u00fccherb\u00f6rse-in-ASD-300x125.jpg 300w, http:\/\/heimatverein.he-webpack.de\/wp-content\/uploads\/2016\/10\/Ahnen-u-B\u00fccherb\u00f6rse-in-ASD-768x321.jpg 768w, http:\/\/heimatverein.he-webpack.de\/wp-content\/uploads\/2016\/10\/Ahnen-u-B\u00fccherb\u00f6rse-in-ASD-150x63.jpg 150w, http:\/\/heimatverein.he-webpack.de\/wp-content\/uploads\/2016\/10\/Ahnen-u-B\u00fccherb\u00f6rse-in-ASD-400x167.jpg 400w, http:\/\/heimatverein.he-webpack.de\/wp-content\/uploads\/2016\/10\/Ahnen-u-B\u00fccherb\u00f6rse-in-ASD.jpg 1200w\" sizes=\"auto, (max-width: 640px) 100vw, 640px\" \/><\/a><\/p>\n","protected":false},"excerpt":{"rendered":"<p>Sa. 22.10.2016 UB &#8211; Der Arbeitskreis Geschichte und Familienforschung des Heimatverein B\u00f6rger, und die Familienforscher und Organisatoren des Arbeitskreises Geschichte des Heimatring Lorup sind auch im Arbeitskreis Familienforschung der Emsl\u00e4ndischen Landschaft organisiert und unterst\u00fctzten diese Gruppe bei der Ausstellung am gestrigen Freitag in Aschendorf auf Gut Altenkamp. Auch hier nahm man gemeinschaftlich mit einem Stand [&#8230;]<\/p>\n","protected":false},"author":2,"featured_media":0,"comment_status":"closed","ping_status":"open","sticky":false,"template":"","format":"standard","meta":{"ngg_post_thumbnail":0,"footnotes":""},"categories":[3],"tags":[],"class_list":["post-6352","post","type-post","status-publish","format-standard","hentry","category-neuigkeiten","odd"],"_links":{"self":[{"href":"http:\/\/heimatverein.he-webpack.de\/index.php?rest_route=\/wp\/v2\/posts\/6352","targetHints":{"allow":["GET"]}}],"collection":[{"href":"http:\/\/heimatverein.he-webpack.de\/index.php?rest_route=\/wp\/v2\/posts"}],"about":[{"href":"http:\/\/heimatverein.he-webpack.de\/index.php?rest_route=\/wp\/v2\/types\/post"}],"author":[{"embeddable":true,"href":"http:\/\/heimatverein.he-webpack.de\/index.php?rest_route=\/wp\/v2\/users\/2"}],"replies":[{"embeddable":true,"href":"http:\/\/heimatverein.he-webpack.de\/index.php?rest_route=%2Fwp%2Fv2%2Fcomments&post=6352"}],"version-history":[{"count":11,"href":"http:\/\/heimatverein.he-webpack.de\/index.php?rest_route=\/wp\/v2\/posts\/6352\/revisions"}],"predecessor-version":[{"id":6355,"href":"http:\/\/heimatverein.he-webpack.de\/index.php?rest_route=\/wp\/v2\/posts\/6352\/revisions\/6355"}],"wp:attachment":[{"href":"http:\/\/heimatverein.he-webpack.de\/index.php?rest_route=%2Fwp%2Fv2%2Fmedia&parent=6352"}],"wp:term":[{"taxonomy":"category","embeddable":true,"href":"http:\/\/heimatverein.he-webpack.de\/index.php?rest_route=%2Fwp%2Fv2%2Fcategories&post=6352"},{"taxonomy":"post_tag","embeddable":true,"href":"http:\/\/heimatverein.he-webpack.de\/index.php?rest_route=%2Fwp%2Fv2%2Ftags&post=6352"}],"curies":[{"name":"wp","href":"https:\/\/api.w.org\/{rel}","templated":true}]}}