{"id":6279,"date":"2016-10-01T00:20:24","date_gmt":"2016-09-30T22:20:24","guid":{"rendered":"http:\/\/heimatverein.he-webpack.de\/?p=6279"},"modified":"2016-10-02T23:08:52","modified_gmt":"2016-10-02T21:08:52","slug":"wandertag-der-boerger-grundschule","status":"publish","type":"post","link":"http:\/\/heimatverein.he-webpack.de\/?p=6279","title":{"rendered":"Wandertag der B\u00f6rger Grundschule"},"content":{"rendered":"<p><div id=\"attachment_6280\" style=\"width: 210px\" class=\"wp-caption alignleft\"><a href=\"http:\/\/heimatverein.he-webpack.de\/wp-content\/uploads\/2016\/10\/Schule-auf-Tour1200.jpg\" rel=\"attachment wp-att-6280\" rel=\"lightbox[6279]\"><img loading=\"lazy\" decoding=\"async\" aria-describedby=\"caption-attachment-6280\" src=\"http:\/\/heimatverein.he-webpack.de\/wp-content\/uploads\/2016\/10\/Schule-auf-Tour1200-200x150.jpg\" alt=\"Kaffee r\u00f6sten auf der &quot;Maschine&quot;.\" width=\"200\" height=\"150\" class=\"size-thumbnail wp-image-6280\" \/><\/a><p id=\"caption-attachment-6280\" class=\"wp-caption-text\">Kaffee nach dem r\u00f6sten, mahlen&#8220;.<\/p><\/div>01.10.2016 UB &#8211; Im Heimathaus hatten wir gestern Besuch von den beiden 2. Klassen der Grundschule B\u00f6rger. Wie schon im letzten Jahr war man am letzten Schultag vor den Herbstferien mit den Lehrerinnen im Heimathaus. Hermann Schmitz erkl\u00e4rte den Kindern, die hier eine &#8222;au\u00dferschulische&#8220; Stunde in Geschichte bekamen, aus dem Leben der Hausfrau vor 100 Jahren. <\/p>\n<p>So erfuhren die Kinder wozu der Ofen (die man Maschine nannte) alles gut war. Als Mittelpunkt der Hauswirtschaft war er W\u00e4rmequelle, Kochstelle, Backofen und f\u00fcr vielerlei Aktivit\u00e4ten im Haushalt da. Zu Beispiel konnte man Kaffee machen. Die Schritte der Kaffeeverarbeitung, R\u00f6sten, Mahlen und aufbr\u00fchen wurden anhand alter Ger\u00e4te erkl\u00e4rt. Nach einer gro\u00dfen Pause auf dem Heimathof ging es dann wieder zur Schule. <\/p>\n","protected":false},"excerpt":{"rendered":"<p><p id=\"caption-attachment-6280\" class=\"wp-caption-text\">Kaffee nach dem r\u00f6sten, mahlen&#8220;.<\/p>\n<p>01.10.2016 UB &#8211; Im Heimathaus hatten wir gestern Besuch von den beiden 2. Klassen der Grundschule B\u00f6rger. Wie schon im letzten Jahr war man am letzten Schultag vor den Herbstferien mit den Lehrerinnen im Heimathaus. Hermann Schmitz erkl\u00e4rte den Kindern, die hier eine &#8222;au\u00dferschulische&#8220; Stunde in Geschichte bekamen, aus [&#8230;]<\/p>\n","protected":false},"author":2,"featured_media":0,"comment_status":"closed","ping_status":"open","sticky":false,"template":"","format":"standard","meta":{"ngg_post_thumbnail":0,"footnotes":""},"categories":[3],"tags":[],"class_list":["post-6279","post","type-post","status-publish","format-standard","hentry","category-neuigkeiten","odd"],"_links":{"self":[{"href":"http:\/\/heimatverein.he-webpack.de\/index.php?rest_route=\/wp\/v2\/posts\/6279","targetHints":{"allow":["GET"]}}],"collection":[{"href":"http:\/\/heimatverein.he-webpack.de\/index.php?rest_route=\/wp\/v2\/posts"}],"about":[{"href":"http:\/\/heimatverein.he-webpack.de\/index.php?rest_route=\/wp\/v2\/types\/post"}],"author":[{"embeddable":true,"href":"http:\/\/heimatverein.he-webpack.de\/index.php?rest_route=\/wp\/v2\/users\/2"}],"replies":[{"embeddable":true,"href":"http:\/\/heimatverein.he-webpack.de\/index.php?rest_route=%2Fwp%2Fv2%2Fcomments&post=6279"}],"version-history":[{"count":8,"href":"http:\/\/heimatverein.he-webpack.de\/index.php?rest_route=\/wp\/v2\/posts\/6279\/revisions"}],"predecessor-version":[{"id":6282,"href":"http:\/\/heimatverein.he-webpack.de\/index.php?rest_route=\/wp\/v2\/posts\/6279\/revisions\/6282"}],"wp:attachment":[{"href":"http:\/\/heimatverein.he-webpack.de\/index.php?rest_route=%2Fwp%2Fv2%2Fmedia&parent=6279"}],"wp:term":[{"taxonomy":"category","embeddable":true,"href":"http:\/\/heimatverein.he-webpack.de\/index.php?rest_route=%2Fwp%2Fv2%2Fcategories&post=6279"},{"taxonomy":"post_tag","embeddable":true,"href":"http:\/\/heimatverein.he-webpack.de\/index.php?rest_route=%2Fwp%2Fv2%2Ftags&post=6279"}],"curies":[{"name":"wp","href":"https:\/\/api.w.org\/{rel}","templated":true}]}}