{"id":6246,"date":"2016-09-18T21:21:22","date_gmt":"2016-09-18T19:21:22","guid":{"rendered":"http:\/\/heimatverein.he-webpack.de\/?p=6246"},"modified":"2016-10-23T00:08:48","modified_gmt":"2016-10-22T22:08:48","slug":"kreisheimattag-2016-in-hilkenbrook","status":"publish","type":"post","link":"http:\/\/heimatverein.he-webpack.de\/?p=6246","title":{"rendered":"Tag der Heimatvereine 2016 in Hilkenbrook"},"content":{"rendered":"<p><a href=\"http:\/\/heimatverein.he-webpack.de\/wp-content\/uploads\/2016\/09\/Hilk-Vorst-Buch1200.jpg\" rel=\"attachment wp-att-6347\" rel=\"lightbox[6246]\"><img loading=\"lazy\" decoding=\"async\" src=\"http:\/\/heimatverein.he-webpack.de\/wp-content\/uploads\/2016\/09\/Hilk-Vorst-Buch1200-300x192.jpg\" alt=\"Hilk Vorst Buch1200\" width=\"300\" height=\"192\" class=\"alignright size-medium wp-image-6347\" srcset=\"http:\/\/heimatverein.he-webpack.de\/wp-content\/uploads\/2016\/09\/Hilk-Vorst-Buch1200-300x192.jpg 300w, http:\/\/heimatverein.he-webpack.de\/wp-content\/uploads\/2016\/09\/Hilk-Vorst-Buch1200-768x491.jpg 768w, http:\/\/heimatverein.he-webpack.de\/wp-content\/uploads\/2016\/09\/Hilk-Vorst-Buch1200-1024x654.jpg 1024w, http:\/\/heimatverein.he-webpack.de\/wp-content\/uploads\/2016\/09\/Hilk-Vorst-Buch1200-150x96.jpg 150w, http:\/\/heimatverein.he-webpack.de\/wp-content\/uploads\/2016\/09\/Hilk-Vorst-Buch1200-400x256.jpg 400w, http:\/\/heimatverein.he-webpack.de\/wp-content\/uploads\/2016\/09\/Hilk-Vorst-Buch1200.jpg 1197w\" sizes=\"auto, (max-width: 300px) 100vw, 300px\" \/><\/a>So. 18.09.2016 UB &#8211; Alle 2 Jahre findet unter Leitung des Emsl\u00e4ndischen Heimatbundes und der Kreisheimatvereine Lingen und Aschendorf-H\u00fcmmling (die Meppener Gruppen sind abgesprungen) der Kreisheimattag statt. In diesem Jahr in Emsb\u00fcren und in Hilkenbrook. Wir nahmen heute mit einer Abordnung des Arbeitskreises Geschichte als Aussteller in Hilkenbrook teil. Wie schon im Juni 2012 in Lathen hatten wir hier auf dem Hilkenbooker Heimathof, zusammen mit dem Heimatring Lorup einen gemeinsamen Stand. Hier legten wir unsere Jahresschriften <strong>&#8222;Use Borger&#8220;<\/strong> und die <strong>&#8222;Loorper Beldertunschere&#8220;<\/strong> zum Kauf aus und stellten die Familien- und Ahnenforschung der alten Kirchspiele Lorup und B\u00f6rger vor. Der Zuspruch f\u00fcr die Heimatarbeit, unsere Jahresschriften und weiterer Heimatliteratur und die B\u00f6rger Chronik war gro\u00df. Den ganzen Nachmittag \u00fcber war an unserem Stand, aber auch den der 20 anderen Gruppen und Vereinen Hochbetrieb und die Hilkenbrooker feierten mit ihren G\u00e4sten, bei sch\u00f6nem Sp\u00e4tsommerwetter bis in den sp\u00e4ten Abend.<\/p>\n<p>Hans Schwarte, Hans Wingberm\u00fchlen (si. auf dem Bild) und Wilhelm Korte-Dirxen standen f\u00fcr den Heimatring Lorup den G\u00e4sten am Stand mit Rat und Tat bei der <strong>Ahnen- und Familienforschung<\/strong> zur Verf\u00fcgung. Die Frauen der Vorstandmitglieder mit Kassenf\u00fchrerin Karin Korte stellten auch aus und warben f\u00fcr ihre, alle 4 Jahre im Sp\u00e4therbest stattfindende, Krippenausstellung. F\u00fcr den Heimatverein B\u00f6rger waren Hans Geers, Heinz Oldiges und Hermann Ubbenjans (Foto stehend 2.v.li.) t\u00e4tig. Zu uns gesellten sich an diesem Nachmittag noch der Heimatverein Vrees mit Hans Wilken und die Geschichtswerkstatt des Forum S\u00f6gel mit Hermann Wichmann mit ihren Ver\u00f6ffentlichungen und interessanten Schriften. Die Vorsitzenden des Kreisheimatvereines, Karl Heinz Weber (steh.3.v.li.) und Hans Gr\u00f6nloh (steh.li.) und das Vorstandsmitglied Burkhard Kintz schauten bei ihrem Rundgang am Gemeinschaftsstand Lorup\/B\u00f6rger vorbei (Foto: Hans Albers, KHV).<\/p>\n","protected":false},"excerpt":{"rendered":"<p>So. 18.09.2016 UB &#8211; Alle 2 Jahre findet unter Leitung des Emsl\u00e4ndischen Heimatbundes und der Kreisheimatvereine Lingen und Aschendorf-H\u00fcmmling (die Meppener Gruppen sind abgesprungen) der Kreisheimattag statt. In diesem Jahr in Emsb\u00fcren und in Hilkenbrook. Wir nahmen heute mit einer Abordnung des Arbeitskreises Geschichte als Aussteller in Hilkenbrook teil. Wie schon im Juni 2012 in [&#8230;]<\/p>\n","protected":false},"author":2,"featured_media":0,"comment_status":"closed","ping_status":"open","sticky":false,"template":"","format":"standard","meta":{"ngg_post_thumbnail":0,"footnotes":""},"categories":[3],"tags":[],"class_list":["post-6246","post","type-post","status-publish","format-standard","hentry","category-neuigkeiten","odd"],"_links":{"self":[{"href":"http:\/\/heimatverein.he-webpack.de\/index.php?rest_route=\/wp\/v2\/posts\/6246","targetHints":{"allow":["GET"]}}],"collection":[{"href":"http:\/\/heimatverein.he-webpack.de\/index.php?rest_route=\/wp\/v2\/posts"}],"about":[{"href":"http:\/\/heimatverein.he-webpack.de\/index.php?rest_route=\/wp\/v2\/types\/post"}],"author":[{"embeddable":true,"href":"http:\/\/heimatverein.he-webpack.de\/index.php?rest_route=\/wp\/v2\/users\/2"}],"replies":[{"embeddable":true,"href":"http:\/\/heimatverein.he-webpack.de\/index.php?rest_route=%2Fwp%2Fv2%2Fcomments&post=6246"}],"version-history":[{"count":31,"href":"http:\/\/heimatverein.he-webpack.de\/index.php?rest_route=\/wp\/v2\/posts\/6246\/revisions"}],"predecessor-version":[{"id":6366,"href":"http:\/\/heimatverein.he-webpack.de\/index.php?rest_route=\/wp\/v2\/posts\/6246\/revisions\/6366"}],"wp:attachment":[{"href":"http:\/\/heimatverein.he-webpack.de\/index.php?rest_route=%2Fwp%2Fv2%2Fmedia&parent=6246"}],"wp:term":[{"taxonomy":"category","embeddable":true,"href":"http:\/\/heimatverein.he-webpack.de\/index.php?rest_route=%2Fwp%2Fv2%2Fcategories&post=6246"},{"taxonomy":"post_tag","embeddable":true,"href":"http:\/\/heimatverein.he-webpack.de\/index.php?rest_route=%2Fwp%2Fv2%2Ftags&post=6246"}],"curies":[{"name":"wp","href":"https:\/\/api.w.org\/{rel}","templated":true}]}}