{"id":6197,"date":"2016-09-03T20:10:50","date_gmt":"2016-09-03T18:10:50","guid":{"rendered":"http:\/\/heimatverein.he-webpack.de\/?p=6197"},"modified":"2017-01-23T00:46:04","modified_gmt":"2017-01-22T23:46:04","slug":"ehrenbrandmeister-des-ba-emsland-nord","status":"publish","type":"post","link":"http:\/\/heimatverein.he-webpack.de\/?p=6197","title":{"rendered":"Ehrenbrandmeister als G\u00e4ste im Heimathaus"},"content":{"rendered":"<p>Sa. 03.09.2016 UB &#8211; Die Ehrenbrandmeister aus dem Altkreis Aschendorf H\u00fcmmling treffen sich mit Ehefrauen, geregelt in gewissen Abst\u00e4nden, zu einer Kurztour bei einer Ortsfeuerwehr des Altkreises. Jetzt im September 2016 war man auf Einladung von Gemeindebrandmeister Heinz L\u00fcckenjans nach B\u00f6rger gekommen. Nach einer Begr\u00fc\u00dfung bei den Caritaswerkst\u00e4tten durch BAL Gerd K\u00f6bbe (li. im Bild) gab es im Hause eine fachkundige F\u00fchrung von den Verantwortlichen, mit Peter Kummer und Helmut Kr\u00f6ger. Die ehemaligen und aktiven Feuerwehrverantwortlichen erfuhren, wie vielf\u00e4ltig bei den Caritas-Werkst\u00e4tten in B\u00f6rger betreut und auch gearbeitet wird. <\/p>\n<p>Anschlie\u00dfend ging es zur B\u00f6rger Weidenkirche am M\u00fchlenhof. Hermann Schmitz (auf dem Bild im Hintergrund) erkl\u00e4rte den G\u00e4sten dort dieses Geb\u00e4ude aus lebenden Weiden und die Bewandtnis dieser Stelle am H\u00fcmmlinger Pilgerweg. Anschlie\u00dfend ging zu einem gem\u00fctlichen Beisammensein mit Essen in das B\u00f6rger Heimathaus. Auch hier referierte Hermann Schmitz und erz\u00e4hlte vom Heimatverein. BAL Gerd K\u00f6bbe und GBM Heinz L\u00fcckenjans bedankten sich im Namen der &#8222;54 Frauen u. Wehrm\u00e4nner&#8220; beim Heimatverein f\u00fcr die Unterst\u00fctzung bei der Tour und f\u00fcr die Nutzung des Heimathauses. &#8211; Wir danken uns f\u00fcr ein sch\u00f6nen Abendessen und den Besuch!<\/p>\n<div id=\"attachment_6237\" style=\"width: 890px\" class=\"wp-caption alignleft\"><a href=\"http:\/\/heimatverein.he-webpack.de\/wp-content\/uploads\/2016\/09\/EhrenBM-Nord-1.jpg\" rel=\"attachment wp-att-6237\" rel=\"lightbox[6197]\"><img loading=\"lazy\" decoding=\"async\" aria-describedby=\"caption-attachment-6237\" src=\"http:\/\/heimatverein.he-webpack.de\/wp-content\/uploads\/2016\/09\/EhrenBM-Nord-1-1024x358.jpg\" alt=\"Ehrenbrandmeister mit Ehefrauen des BA Nord besuchten B\u00f6rger\" width=\"600\" height=\"220\" class=\"size-large wp-image-6237\" \/><\/a><p id=\"caption-attachment-6237\" class=\"wp-caption-text\">Ehrenbrandmeister mit Ehefrauen des BA Nord besuchten B\u00f6rger<\/p><\/div>\n","protected":false},"excerpt":{"rendered":"<p>Sa. 03.09.2016 UB &#8211; Die Ehrenbrandmeister aus dem Altkreis Aschendorf H\u00fcmmling treffen sich mit Ehefrauen, geregelt in gewissen Abst\u00e4nden, zu einer Kurztour bei einer Ortsfeuerwehr des Altkreises. Jetzt im September 2016 war man auf Einladung von Gemeindebrandmeister Heinz L\u00fcckenjans nach B\u00f6rger gekommen. Nach einer Begr\u00fc\u00dfung bei den Caritaswerkst\u00e4tten durch BAL Gerd K\u00f6bbe (li. im Bild) [&#8230;]<\/p>\n","protected":false},"author":2,"featured_media":0,"comment_status":"closed","ping_status":"open","sticky":false,"template":"","format":"standard","meta":{"ngg_post_thumbnail":0,"footnotes":""},"categories":[3],"tags":[],"class_list":["post-6197","post","type-post","status-publish","format-standard","hentry","category-neuigkeiten","odd"],"_links":{"self":[{"href":"http:\/\/heimatverein.he-webpack.de\/index.php?rest_route=\/wp\/v2\/posts\/6197","targetHints":{"allow":["GET"]}}],"collection":[{"href":"http:\/\/heimatverein.he-webpack.de\/index.php?rest_route=\/wp\/v2\/posts"}],"about":[{"href":"http:\/\/heimatverein.he-webpack.de\/index.php?rest_route=\/wp\/v2\/types\/post"}],"author":[{"embeddable":true,"href":"http:\/\/heimatverein.he-webpack.de\/index.php?rest_route=\/wp\/v2\/users\/2"}],"replies":[{"embeddable":true,"href":"http:\/\/heimatverein.he-webpack.de\/index.php?rest_route=%2Fwp%2Fv2%2Fcomments&post=6197"}],"version-history":[{"count":24,"href":"http:\/\/heimatverein.he-webpack.de\/index.php?rest_route=\/wp\/v2\/posts\/6197\/revisions"}],"predecessor-version":[{"id":6200,"href":"http:\/\/heimatverein.he-webpack.de\/index.php?rest_route=\/wp\/v2\/posts\/6197\/revisions\/6200"}],"wp:attachment":[{"href":"http:\/\/heimatverein.he-webpack.de\/index.php?rest_route=%2Fwp%2Fv2%2Fmedia&parent=6197"}],"wp:term":[{"taxonomy":"category","embeddable":true,"href":"http:\/\/heimatverein.he-webpack.de\/index.php?rest_route=%2Fwp%2Fv2%2Fcategories&post=6197"},{"taxonomy":"post_tag","embeddable":true,"href":"http:\/\/heimatverein.he-webpack.de\/index.php?rest_route=%2Fwp%2Fv2%2Ftags&post=6197"}],"curies":[{"name":"wp","href":"https:\/\/api.w.org\/{rel}","templated":true}]}}