{"id":6179,"date":"2016-08-31T01:17:17","date_gmt":"2016-08-30T23:17:17","guid":{"rendered":"http:\/\/heimatverein.he-webpack.de\/?p=6179"},"modified":"2016-11-24T14:13:52","modified_gmt":"2016-11-24T13:13:52","slug":"und-nun-auch-noch-der-endspurt-fuer-use-borger-2016","status":"publish","type":"post","link":"http:\/\/heimatverein.he-webpack.de\/?p=6179","title":{"rendered":"Endspurt &#8211; Use Borger"},"content":{"rendered":"<p><a href=\"http:\/\/heimatverein.he-webpack.de\/wp-content\/uploads\/2016\/11\/Plakat-Use-Bg600.jpg\" rel=\"attachment wp-att-6395\" rel=\"lightbox[6179]\"><img loading=\"lazy\" decoding=\"async\" src=\"http:\/\/heimatverein.he-webpack.de\/wp-content\/uploads\/2016\/11\/Plakat-Use-Bg600-212x300.jpg\" alt=\"Plakat Use Bg600\" width=\"112\" height=\"150\" class=\"alignleft size-medium wp-image-6395\" \/><\/a>Mi. 31.08.2016 UB &#8211; Eine handvoll Leute sind akribisch dabei, die Themen des Jahrgangs 2016 f\u00fcr &#8222;USE BORGER&#8220; zu bearbeiten. Bernd Gebkenjans hat seinen Artikel schon ausgearbeitet. Reinhard Rolfes und Hans Geers sind dabei die letzten Infos zum Thema &#8222;B\u00fcrgermeisterin  von B\u00f6rger &#8211; Martha John&#8220; zusammenzutragen.<\/p>\n<p>Wir werden ferner &#8220; <strong>endlich<\/strong> &#8220; einen Teil der umfangreichen &#8222;Lebenserinnerungen von Kaspar Kronabel&#8220; ver\u00f6ffentlichen und Andre Thien aus B\u00f6rgerwald wird \u00fcber das &#8222;Surwolds Grab&#8220; berichten. Meine Artikel &#8222;Megalithkultur auf dem Nordh\u00fcmmling&#8220;, bedarf noch einer \u00dcberarbeitung bis zum Oktober 2016. Und dann gibt es noch einen &#8222;Bericht und eine W\u00fcrdigung&#8220; \u00fcber die Toten der Fronttage in B\u00f6rger. Ich denke, wir werden wieder ein gutes St\u00fcck &#8222;<strong>Geschichte f\u00fcr uns in B\u00f6rger<\/strong>&#8220; ans Licht bringen und vorstellen k\u00f6nnen. Seit gespannt auf 192 Seiten &#8222;Use Borger 2016&#8220;, die 26. Auflage. Den Verkaufspreis werden wir wohl auf 20 Euro anheben m\u00fcssen, da die Ausgabe umfangreicher wird. <\/p>\n","protected":false},"excerpt":{"rendered":"<p>Mi. 31.08.2016 UB &#8211; Eine handvoll Leute sind akribisch dabei, die Themen des Jahrgangs 2016 f\u00fcr &#8222;USE BORGER&#8220; zu bearbeiten. Bernd Gebkenjans hat seinen Artikel schon ausgearbeitet. Reinhard Rolfes und Hans Geers sind dabei die letzten Infos zum Thema &#8222;B\u00fcrgermeisterin von B\u00f6rger &#8211; Martha John&#8220; zusammenzutragen.<\/p>\n<p>Wir werden ferner &#8220; endlich &#8220; einen Teil der [&#8230;]<\/p>\n","protected":false},"author":2,"featured_media":0,"comment_status":"closed","ping_status":"open","sticky":false,"template":"","format":"standard","meta":{"ngg_post_thumbnail":0,"footnotes":""},"categories":[3],"tags":[],"class_list":["post-6179","post","type-post","status-publish","format-standard","hentry","category-neuigkeiten","odd"],"_links":{"self":[{"href":"http:\/\/heimatverein.he-webpack.de\/index.php?rest_route=\/wp\/v2\/posts\/6179","targetHints":{"allow":["GET"]}}],"collection":[{"href":"http:\/\/heimatverein.he-webpack.de\/index.php?rest_route=\/wp\/v2\/posts"}],"about":[{"href":"http:\/\/heimatverein.he-webpack.de\/index.php?rest_route=\/wp\/v2\/types\/post"}],"author":[{"embeddable":true,"href":"http:\/\/heimatverein.he-webpack.de\/index.php?rest_route=\/wp\/v2\/users\/2"}],"replies":[{"embeddable":true,"href":"http:\/\/heimatverein.he-webpack.de\/index.php?rest_route=%2Fwp%2Fv2%2Fcomments&post=6179"}],"version-history":[{"count":23,"href":"http:\/\/heimatverein.he-webpack.de\/index.php?rest_route=\/wp\/v2\/posts\/6179\/revisions"}],"predecessor-version":[{"id":6182,"href":"http:\/\/heimatverein.he-webpack.de\/index.php?rest_route=\/wp\/v2\/posts\/6179\/revisions\/6182"}],"wp:attachment":[{"href":"http:\/\/heimatverein.he-webpack.de\/index.php?rest_route=%2Fwp%2Fv2%2Fmedia&parent=6179"}],"wp:term":[{"taxonomy":"category","embeddable":true,"href":"http:\/\/heimatverein.he-webpack.de\/index.php?rest_route=%2Fwp%2Fv2%2Fcategories&post=6179"},{"taxonomy":"post_tag","embeddable":true,"href":"http:\/\/heimatverein.he-webpack.de\/index.php?rest_route=%2Fwp%2Fv2%2Ftags&post=6179"}],"curies":[{"name":"wp","href":"https:\/\/api.w.org\/{rel}","templated":true}]}}